{"id":1118,"date":"2021-10-13T23:49:00","date_gmt":"2021-10-13T21:49:00","guid":{"rendered":"https:\/\/munterwegs.org\/unterwegs\/?p=1118"},"modified":"2022-02-08T23:02:18","modified_gmt":"2022-02-08T22:02:18","slug":"2021-10-13-monte-senino","status":"publish","type":"post","link":"https:\/\/munterwegs.org\/unterwegs\/?p=1118","title":{"rendered":"2021-10-13 Monte Senino"},"content":{"rendered":"\n<p class=\"has-drop-cap\">Verl\u00e4ngerung der normalen Runde oder abgek\u00fcrzte Version der geplanten? Auf jeden Fall eine spektakul\u00e4re und abwechslungsreiche Tour vom Meer auf einen rassigen Gipfel (15+1100-1000). Belaufbarkeit \u00fcber weite Strecken B1; im Aufstieg zur Punta Castellaciu und zum Monte Senino B2+ mit Einzelstellen B3. Keine Wasserquelle auf dem Weg, jedoch eine kleine Bar in der Strassenkehre oberhalb Osani. F\u00fcr die direkte Besteigung ist dies auch ein geeigneter Ausgangspunkt.<\/p>\n\n\n\n<p>Wir hatten gr\u00f6ssere Pl\u00e4ne und parkierten das Auto in der letzten Kehre (200) s\u00fcdlich von Partinello. Von dort aus f\u00fchrt ein sch\u00f6ner Weg zum Strand hinab und weiter in die n\u00e4chste Bucht (Gradelle). Von dort schwingt sich der Weg im Halbrund \u00fcber dem Meer empor. Auf der S\u00fcdseite der Halbinsel f\u00fchrt ein Weg unter den beiden Gipfeln durch, endet jedoch bei einem riesigen Felsen. Ein Aufstieg von S\u00fcden zum Monte Senino scheint nicht m\u00f6glich.<\/p>\n\n\n\n<p>Zur\u00fcck also und weiter empor in den Sattel (270) westlich von Osani. Ab dort wechselt der Charakter des Weg komplett. Er wird steil, felsig und technisch. Zwar ist er gut ausgetreten, dennoch muss  man die Wegf\u00fchrung lesen k\u00f6nnen, um nicht ins Offside zu laufen.<\/p>\n\n\n\n<p>Die Punta Castellacciu (583) \u00fcberschreitet man und erreicht einen ersten Sattel. Von dort umgeht man einen grossen Turm auf seiner Nordseite und erreicht einen zweiten Sattel. Von diesem steigt man wiederum s\u00fcdseitig ab und quert bis in eine grosse, steile Rinne. Durch diese steigt man zum Nordostgrat des Monte Senino hoch. Den Gipfel schliesslich erreicht man, indem man den Ostkessel traversiert. &#8212; Insgesamt ein \u00fcberraschend wildes Unterfangen!<\/p>\n\n\n\n<p>Unser R\u00fcckweg f\u00fchrte bis zur Bar in der Strassenkehre oberhalb Osani und dann per Autostopp zur\u00fcck. Vielen Dank dem Wanderkollegen, welcher uns mitreiten liess!<\/p>\n\n\n\n\n<!-- Start NGG opengeo Maps ID=19.-->\n\n<script type=\"text\/javascript\">\n\nvar map_19, baseLayer_19, firstLayer_19, markers_19, locs_19, map_bounds_19, center_19 ;\nvar markers_19 = [] , locs_19 = [] ;\n\nfunction nggopengeoMap_19( inludedMarkerIds, clickedImageId )\n{\n    \/\/ map (in its div opengeo_maps_map_19; s.b.)\n    map_19 = new L.map( 'opengeo_maps_map_19' , {\n        zoomSnap : 0.25 ,\n    } ) ;\n    map_19.setMaxZoom( 19 ) ;\n\n    \/\/ layers\n    osmLayer_19 = new L.tileLayer( \"https:\/\/{s}.tile.openstreetmap.org\/{z}\/{x}\/{y}.png\" , {\n    maxZoom : 19 ,\n    maxNativeZoom : 19 ,\n    attribution : 'Kartendaten &copy; <a href=\"https:\/\/www.openstreetmap.org\/copyright\">OpenStreetMap<\/a> Mitwirkende' ,\n    } ) ;\n    otmLayer_19 = new L.tileLayer( \"https:\/\/{s}.tile.opentopomap.org\/{z}\/{x}\/{y}.png\" , {\n    opacity : 0.5 ,\n    maxZoom : 19 ,\n    maxNativeZoom : 17 ,\n    attribution : '| Map style: &copy; <a href=\"https:\/\/opentopomap.org\">OpenTopoMap<\/a> (<a href=\"https:\/\/creativecommons.org\/licenses\/by-sa\/3.0\/\">CC-BY-SA<\/a>)'\n    } ) ;\n    \/\/esriLayer_19 = new L.esri.Vector.vectorBasemapLayer( 'ArcGIS:Imagery:Standard' , {\n    \/\/apiKey: \"AAPK8e1416d08a8641608aa48fd80adf451c0LBHa3DxIzzJcrZ2z6UigvOAJ0UspPY2MZW8QYPReMGC59I4lePi52UlQpQ2dMRP\" ,\n    \/\/maxZoom : 19 ,\n    \/\/maxNativeZoom : 18 ,\n    \/\/} ) ;\n    esriLayer_19_old = new L.tileLayer( \"https:\/\/server.arcgisonline.com\/ArcGIS\/rest\/services\/World_Imagery\/MapServer\/tile\/{z}\/{y}\/{x}\", {\n    opacity : 0.5 ,\n    maxZoom : 19 ,\n    maxNativeZoom : 18 ,\n    attribution : '| Tiles &copy; Esri &mdash; Source: Esri, i-cubed, USDA, USGS, AEX, GeoEye, Getmapping, Aerogrid, IGN, IGP, UPR-EGP, and the GIS User Community' ,\n    } ) ;\n\n    map_19.addLayer( osmLayer_19 ) ;\n\n    \/\/ layer control\n    var additionalLayers = {\n    'OpenTopoMap' : otmLayer_19 ,\n        'Satellit' : esriLayer_19_old ,\n    } ;\n    L.control.layers( null , additionalLayers , {\n        collapsed : true ,\n    } ).addTo( map_19 ) ;\n\n    \/\/ opacity control\n    L.control.opacity( additionalLayers , {\n        collapsed : true ,\n    } ).addTo( map_19 ) ;\n\n    \/\/ resizer control\n    L.control.resizer( { direction: 's' } ).addTo( map_19 ) ;\n\n    \/\/ marker cluster\n    var markerCluster_19 = L.markerClusterGroup( {\n        \/\/maxClusterRadius :          80 ,\n        zoomToBoundsOnClick :       false ,\n        \/\/disableClusteringAtZoom :   14 ,\n        \/\/disableClusteringAtZoom :   15 ,\n        disableClusteringAtZoom :   16 ,\n        \/\/disableClusteringAtZoom :   17 ,\n        \/\/disableClusteringAtZoom :   18 ,\n        \/\/disableClusteringAtZoom :   19 ,\n    } ) ;\n\n    map_19.addLayer( markerCluster_19 ) ;\n    var loc_19_0 = [ 42.304126952778 , 8.6396668416667 ] ;\nlocs_19.push( loc_19_0 ) ;\nvar marker_0 = new L.semiCircleMarker( loc_19_0 , {\n    radius :        20 ,\n    color :         \"#0ff\" ,\n    opacity :       0.5 ,\n    fill :          true ,\n    fillColor :     \"#f0f\" ,\n    fillOpacity :   0.5 ,\n} ).setDirection( 225 , 44.602720575049 ) ; ;\nvar mapWidth_19 = map_19.getSize().x ;\nvar popupWidth_19_0 = Math.min( 150 , mapWidth_19 - 40 ) ;\nmarker_0.bindPopup( '<a href=\"https:\/\/munterwegs.org\/unterwegs\/\/wp-content\/gallery\/20211013-monte-senino\/20211013_120617_dsg.jpg\" target=\"_blank\"><img decoding=\"async\" src=\"https:\/\/munterwegs.org\/unterwegs\/\/wp-content\/gallery\/20211013-monte-senino\/thumbs\/thumbs_20211013_120617_dsg.jpg\" style=\"max-width=300px\" alt=\"Ein toller Morgen hat begonnen! \" \/><\/a><p><p>Ein toller Morgen hat begonnen! <\/br>2022-02-09 20:00:05 Altitude: 186<\/br><\/p><\/p>' , {\n    minWidth :      popupWidth_19_0 ,\n    maxWidth :      popupWidth_19_0 ,\n    offset :        new L.Point( 0 , -10 ) ,\n    autoPan :       true ,\n    closeOnClick :  false ,\n} ) ;\nmarkerCluster_19.addLayer( marker_0 ) ;\nmarkers_19.push( marker_0 ) ;var loc_19_1 = [ 42.304129799722 , 8.6396704997222 ] ;\nlocs_19.push( loc_19_1 ) ;\nvar marker_1 = new L.semiCircleMarker( loc_19_1 , {\n    radius :        20 ,\n    color :         \"#0ff\" ,\n    opacity :       0.5 ,\n    fill :          true ,\n    fillColor :     \"#f0f\" ,\n    fillOpacity :   0.5 ,\n} ).setDirection( 225 , 180 ) ; ;\nvar mapWidth_19 = map_19.getSize().x ;\nvar popupWidth_19_1 = Math.min( 722 , mapWidth_19 - 40 ) ;\nmarker_1.bindPopup( '<a href=\"https:\/\/munterwegs.org\/unterwegs\/\/wp-content\/gallery\/20211013-monte-senino\/20211013_120623_dsg.jpg\" target=\"_blank\"><img decoding=\"async\" src=\"https:\/\/munterwegs.org\/unterwegs\/\/wp-content\/gallery\/20211013-monte-senino\/thumbs\/thumbs_20211013_120623_dsg.jpg\" style=\"max-width=300px\" alt=\"Links markant Capu d&acute;Ortu (1294) mit den abgespaltenen E Tre Signore, rechts davon Capu di U Vitullu (1331); rechts aussen Capu Rossu. \" \/><\/a><p><p>Links markant Capu d&acute;Ortu (1294) mit den abgespaltenen E Tre Signore, rechts davon Capu di U Vitullu (1331); rechts aussen Capu Rossu. <\/br>2022-02-09 20:18:18 <\/p><\/p>' , {\n    minWidth :      popupWidth_19_1 ,\n    maxWidth :      popupWidth_19_1 ,\n    offset :        new L.Point( 0 , -10 ) ,\n    autoPan :       true ,\n    closeOnClick :  false ,\n} ) ;\nmarkerCluster_19.addLayer( marker_1 ) ;\nmarkers_19.push( marker_1 ) ;var loc_19_2 = [ 42.312737127778 , 8.6173236472222 ] ;\nlocs_19.push( loc_19_2 ) ;\nvar marker_2 = new L.semiCircleMarker( loc_19_2 , {\n    radius :        20 ,\n    color :         \"#0ff\" ,\n    opacity :       0.5 ,\n    fill :          true ,\n    fillColor :     \"#f0f\" ,\n    fillOpacity :   0.5 ,\n} ).setDirection( 315 , 44.602720575049 ) ; ;\nvar mapWidth_19 = map_19.getSize().x ;\nvar popupWidth_19_2 = Math.min( 150 , mapWidth_19 - 40 ) ;\nmarker_2.bindPopup( '<a href=\"https:\/\/munterwegs.org\/unterwegs\/\/wp-content\/gallery\/20211013-monte-senino\/20211013_124808_dsg.jpg\" target=\"_blank\"><img decoding=\"async\" src=\"https:\/\/munterwegs.org\/unterwegs\/\/wp-content\/gallery\/20211013-monte-senino\/thumbs\/thumbs_20211013_124808_dsg.jpg\" style=\"max-width=300px\" alt=\"Auf Erkundung, ob der direkte Aufstieg von S&uuml;den m&ouml;glich sei. \" \/><\/a><p><p>Auf Erkundung, ob der direkte Aufstieg von S&uuml;den m&ouml;glich sei. <\/br>2022-02-09 20:18:15 Altitude: 212<\/br><\/p><\/p>' , {\n    minWidth :      popupWidth_19_2 ,\n    maxWidth :      popupWidth_19_2 ,\n    offset :        new L.Point( 0 , -10 ) ,\n    autoPan :       true ,\n    closeOnClick :  false ,\n} ) ;\nmarkerCluster_19.addLayer( marker_2 ) ;\nmarkers_19.push( marker_2 ) ;var loc_19_3 = [ 42.312737127778 , 8.6173236472222 ] ;\nlocs_19.push( loc_19_3 ) ;\nvar marker_3 = new L.semiCircleMarker( loc_19_3 , {\n    radius :        20 ,\n    color :         \"#0ff\" ,\n    opacity :       0.5 ,\n    fill :          true ,\n    fillColor :     \"#f0f\" ,\n    fillOpacity :   0.5 ,\n} ).setDirection( 337.5 , 44.602720575049 ) ; ;\nvar mapWidth_19 = map_19.getSize().x ;\nvar popupWidth_19_3 = Math.min( 150 , mapWidth_19 - 40 ) ;\nmarker_3.bindPopup( '<a href=\"https:\/\/munterwegs.org\/unterwegs\/\/wp-content\/gallery\/20211013-monte-senino\/20211013_124810_dsg.jpg\" target=\"_blank\"><img decoding=\"async\" src=\"https:\/\/munterwegs.org\/unterwegs\/\/wp-content\/gallery\/20211013-monte-senino\/thumbs\/thumbs_20211013_124810_dsg.jpg\" style=\"max-width=300px\" alt=\"Rechts oben Punta Castellacciu (583) \" \/><\/a><p><p>Rechts oben Punta Castellacciu (583) <\/br>2022-02-09 20:18:10 Altitude: 212<\/br><\/p><\/p>' , {\n    minWidth :      popupWidth_19_3 ,\n    maxWidth :      popupWidth_19_3 ,\n    offset :        new L.Point( 0 , -10 ) ,\n    autoPan :       true ,\n    closeOnClick :  false ,\n} ) ;\nmarkerCluster_19.addLayer( marker_3 ) ;\nmarkers_19.push( marker_3 ) ;var loc_19_4 = [ 42.312752099722 , 8.6172769 ] ;\nlocs_19.push( loc_19_4 ) ;\nvar marker_4 = new L.semiCircleMarker( loc_19_4 , {\n    radius :        20 ,\n    color :         \"#0ff\" ,\n    opacity :       0.5 ,\n    fill :          true ,\n    fillColor :     \"#f0f\" ,\n    fillOpacity :   0.5 ,\n} ).setDirection( 315 , 119.4488813121 ) ; ;\nvar mapWidth_19 = map_19.getSize().x ;\nvar popupWidth_19_4 = Math.min( 402 , mapWidth_19 - 40 ) ;\nmarker_4.bindPopup( '<a href=\"https:\/\/munterwegs.org\/unterwegs\/\/wp-content\/gallery\/20211013-monte-senino\/20211013_124815_dsg.jpg\" target=\"_blank\"><img decoding=\"async\" src=\"https:\/\/munterwegs.org\/unterwegs\/\/wp-content\/gallery\/20211013-monte-senino\/thumbs\/thumbs_20211013_124815_dsg.jpg\" style=\"max-width=300px\" alt=\"Die Rinne zwischen den beiden Gipfeln ist von unten nicht zug&auml;nglich. \" \/><\/a><p><p>Die Rinne zwischen den beiden Gipfeln ist von unten nicht zug&auml;nglich. <\/br>2022-02-09 20:18:04 <\/p><\/p>' , {\n    minWidth :      popupWidth_19_4 ,\n    maxWidth :      popupWidth_19_4 ,\n    offset :        new L.Point( 0 , -10 ) ,\n    autoPan :       true ,\n    closeOnClick :  false ,\n} ) ;\nmarkerCluster_19.addLayer( marker_4 ) ;\nmarkers_19.push( marker_4 ) ;var loc_19_5 = [ 42.316384536111 , 8.6106591916667 ] ;\nlocs_19.push( loc_19_5 ) ;\nvar marker_5 = new L.semiCircleMarker( loc_19_5 , {\n    radius :        20 ,\n    color :         \"#0ff\" ,\n    opacity :       0.5 ,\n    fill :          true ,\n    fillColor :     \"#f0f\" ,\n    fillOpacity :   0.5 ,\n} ).setDirection( 90 , 79.293725466755 ) ; ;\nvar mapWidth_19 = map_19.getSize().x ;\nvar popupWidth_19_5 = Math.min( 267 , mapWidth_19 - 40 ) ;\nmarker_5.bindPopup( '<a href=\"https:\/\/munterwegs.org\/unterwegs\/\/wp-content\/gallery\/20211013-monte-senino\/20211013_151030.jpg\" target=\"_blank\"><img decoding=\"async\" src=\"https:\/\/munterwegs.org\/unterwegs\/\/wp-content\/gallery\/20211013-monte-senino\/thumbs\/thumbs_20211013_151030.jpg\" style=\"max-width=300px\" alt=\"Ganz hinten unter den Wolken der markante Half-Dome der Paglia Orba (2525). \" \/><\/a><p><p>Ganz hinten unter den Wolken der markante Half-Dome der Paglia Orba (2525). <\/br>2021-10-13 15:10:30 Altitude: 660<\/br><\/p><\/p>' , {\n    minWidth :      popupWidth_19_5 ,\n    maxWidth :      popupWidth_19_5 ,\n    offset :        new L.Point( 0 , -10 ) ,\n    autoPan :       true ,\n    closeOnClick :  false ,\n} ) ;\nmarkerCluster_19.addLayer( marker_5 ) ;\nmarkers_19.push( marker_5 ) ;var loc_19_6 = [ 42.3111089 , 8.6134727 ] ;\nlocs_19.push( loc_19_6 ) ;\nvar marker_6 = new L.semiCircleMarker( loc_19_6 , {\n    radius :        10 ,\n    color :         \"#0ff\" ,\n    opacity :       0.5 ,\n    fill :          true ,\n    fillColor :     \"#f0f\" ,\n    fillOpacity :   0.5 ,\n} ) ;\nvar mapWidth_19 = map_19.getSize().x ;\nvar popupWidth_19_6 = Math.min( 418 , mapWidth_19 - 40 ) ;\nmarker_6.bindPopup( '<a href=\"https:\/\/munterwegs.org\/unterwegs\/\/wp-content\/gallery\/20211013-monte-senino\/20211013_125330.jpg\" target=\"_blank\"><img decoding=\"async\" src=\"https:\/\/munterwegs.org\/unterwegs\/\/wp-content\/gallery\/20211013-monte-senino\/thumbs\/thumbs_20211013_125330.jpg\" style=\"max-width=300px\" alt=\"Dieser Elefantenfels markiert das Ende des Pfads entlang der S&uuml;dseite der Halbinsel\" \/><\/a><p><p>Dieser Elefantenfels markiert das Ende des Pfads entlang der S&uuml;dseite der Halbinsel<\/br>2021-10-13 12:53:41 <\/p><\/p>' , {\n    minWidth :      popupWidth_19_6 ,\n    maxWidth :      popupWidth_19_6 ,\n    offset :        new L.Point( 0 , -10 ) ,\n    autoPan :       true ,\n    closeOnClick :  false ,\n} ) ;\nmarkerCluster_19.addLayer( marker_6 ) ;\nmarkers_19.push( marker_6 ) ;var loc_19_7 = [ 42.317428499722 , 8.612023 ] ;\nlocs_19.push( loc_19_7 ) ;\nvar marker_7 = new L.semiCircleMarker( loc_19_7 , {\n    radius :        20 ,\n    color :         \"#0ff\" ,\n    opacity :       0.5 ,\n    fill :          true ,\n    fillColor :     \"#f0f\" ,\n    fillOpacity :   0.5 ,\n} ).setDirection( 135 , 123.39431066578 ) ; ;\nvar mapWidth_19 = map_19.getSize().x ;\nvar popupWidth_19_7 = Math.min( 415 , mapWidth_19 - 40 ) ;\nmarker_7.bindPopup( '<a href=\"https:\/\/munterwegs.org\/unterwegs\/\/wp-content\/gallery\/20211013-monte-senino\/20211013_144154.jpg\" target=\"_blank\"><img decoding=\"async\" src=\"https:\/\/munterwegs.org\/unterwegs\/\/wp-content\/gallery\/20211013-monte-senino\/thumbs\/thumbs_20211013_144154.jpg\" style=\"max-width=300px\" alt=\"Blick zur&uuml;ck nach Porto von der letzten Scharte vor dem Hauptgipfel \" \/><\/a><p><p>Blick zur&uuml;ck nach Porto von der letzten Scharte vor dem Hauptgipfel <\/br>2021-10-13 14:42:10 <\/p><\/p>' , {\n    minWidth :      popupWidth_19_7 ,\n    maxWidth :      popupWidth_19_7 ,\n    offset :        new L.Point( 0 , -10 ) ,\n    autoPan :       true ,\n    closeOnClick :  false ,\n} ) ;\nmarkerCluster_19.addLayer( marker_7 ) ;\nmarkers_19.push( marker_7 ) ;var loc_19_8 = [ 42.3163805 , 8.6106345997222 ] ;\nlocs_19.push( loc_19_8 ) ;\nvar marker_8 = new L.semiCircleMarker( loc_19_8 , {\n    radius :        20 ,\n    color :         \"#0ff\" ,\n    opacity :       0.5 ,\n    fill :          true ,\n    fillColor :     \"#f0f\" ,\n    fillOpacity :   0.5 ,\n} ).setDirection( 157.5 , 180 ) ; ;\nvar mapWidth_19 = map_19.getSize().x ;\nvar popupWidth_19_8 = Math.min( 762 , mapWidth_19 - 40 ) ;\nmarker_8.bindPopup( '<a href=\"https:\/\/munterwegs.org\/unterwegs\/\/wp-content\/gallery\/20211013-monte-senino\/20211013_145951_L.jpg\" target=\"_blank\"><img decoding=\"async\" src=\"https:\/\/munterwegs.org\/unterwegs\/\/wp-content\/gallery\/20211013-monte-senino\/thumbs\/thumbs_20211013_145951_L.jpg\" style=\"max-width=300px\" alt=\"Von Porto mit Capo d&acute;Ortu bis zum Capu Rossu \" \/><\/a><p><p>Von Porto mit Capo d&acute;Ortu bis zum Capu Rossu <\/br>2021-10-13 15:00:31 <\/p><\/p>' , {\n    minWidth :      popupWidth_19_8 ,\n    maxWidth :      popupWidth_19_8 ,\n    offset :        new L.Point( 0 , -10 ) ,\n    autoPan :       true ,\n    closeOnClick :  false ,\n} ) ;\nmarkerCluster_19.addLayer( marker_8 ) ;\nmarkers_19.push( marker_8 ) ;var loc_19_9 = [ 42.3163805 , 8.6106345997222 ] ;\nlocs_19.push( loc_19_9 ) ;\nvar marker_9 = new L.semiCircleMarker( loc_19_9 , {\n    radius :        20 ,\n    color :         \"#0ff\" ,\n    opacity :       0.5 ,\n    fill :          true ,\n    fillColor :     \"#f0f\" ,\n    fillOpacity :   0.5 ,\n} ).setDirection( 225 , 180 ) ; ;\nvar mapWidth_19 = map_19.getSize().x ;\nvar popupWidth_19_9 = Math.min( 1000 , mapWidth_19 - 40 ) ;\nmarker_9.bindPopup( '<a href=\"https:\/\/munterwegs.org\/unterwegs\/\/wp-content\/gallery\/20211013-monte-senino\/20211013_145951_M.jpg\" target=\"_blank\"><img decoding=\"async\" src=\"https:\/\/munterwegs.org\/unterwegs\/\/wp-content\/gallery\/20211013-monte-senino\/thumbs\/thumbs_20211013_145951_M.jpg\" style=\"max-width=300px\" alt=\"Le grand bleu \" \/><\/a><p><p>Le grand bleu <\/br>2021-10-13 15:00:31 <\/p><\/p>' , {\n    minWidth :      popupWidth_19_9 ,\n    maxWidth :      popupWidth_19_9 ,\n    offset :        new L.Point( 0 , -10 ) ,\n    autoPan :       true ,\n    closeOnClick :  false ,\n} ) ;\nmarkerCluster_19.addLayer( marker_9 ) ;\nmarkers_19.push( marker_9 ) ;var loc_19_10 = [ 42.3163805 , 8.6106345997222 ] ;\nlocs_19.push( loc_19_10 ) ;\nvar marker_10 = new L.semiCircleMarker( loc_19_10 , {\n    radius :        20 ,\n    color :         \"#0ff\" ,\n    opacity :       0.5 ,\n    fill :          true ,\n    fillColor :     \"#f0f\" ,\n    fillOpacity :   0.5 ,\n} ).setDirection( 315 , 180 ) ; ;\nvar mapWidth_19 = map_19.getSize().x ;\nvar popupWidth_19_10 = Math.min( 1000 , mapWidth_19 - 40 ) ;\nmarker_10.bindPopup( '<a href=\"https:\/\/munterwegs.org\/unterwegs\/\/wp-content\/gallery\/20211013-monte-senino\/20211013_145951_R.jpg\" target=\"_blank\"><img decoding=\"async\" src=\"https:\/\/munterwegs.org\/unterwegs\/\/wp-content\/gallery\/20211013-monte-senino\/thumbs\/thumbs_20211013_145951_R.jpg\" style=\"max-width=300px\" alt=\"Halbinsel Scandola (Naturschutzgebiet) \" \/><\/a><p><p>Halbinsel Scandola (Naturschutzgebiet) <\/br>2021-10-13 15:00:31 <\/p><\/p>' , {\n    minWidth :      popupWidth_19_10 ,\n    maxWidth :      popupWidth_19_10 ,\n    offset :        new L.Point( 0 , -10 ) ,\n    autoPan :       true ,\n    closeOnClick :  false ,\n} ) ;\nmarkerCluster_19.addLayer( marker_10 ) ;\nmarkers_19.push( marker_10 ) ;var loc_19_11 = [ 42.317161944444 , 8.6122511111111 ] ;\nlocs_19.push( loc_19_11 ) ;\nvar marker_11 = new L.semiCircleMarker( loc_19_11 , {\n    radius :        20 ,\n    color :         \"#0ff\" ,\n    opacity :       0.5 ,\n    fill :          true ,\n    fillColor :     \"#f0f\" ,\n    fillOpacity :   0.5 ,\n} ).setDirection( 135 , 60 ) ; ;\nvar mapWidth_19 = map_19.getSize().x ;\nvar popupWidth_19_11 = Math.min( 113 , mapWidth_19 - 40 ) ;\nmarker_11.bindPopup( '<a href=\"https:\/\/munterwegs.org\/unterwegs\/\/wp-content\/gallery\/20211013-monte-senino\/DSC_0152.JPG\" target=\"_blank\"><img decoding=\"async\" src=\"https:\/\/munterwegs.org\/unterwegs\/\/wp-content\/gallery\/20211013-monte-senino\/thumbs\/thumbs_DSC_0152.JPG\" style=\"max-width=300px\" alt=\"Im Abstieg von der letzten Scharte in die Rinne hinab. [alt=640 ]\" \/><\/a><p><p>Im Abstieg von der letzten Scharte in die Rinne hinab. [alt=640 ]<\/br>2021-10-13 14:42:28 <\/p><\/p>' , {\n    minWidth :      popupWidth_19_11 ,\n    maxWidth :      popupWidth_19_11 ,\n    offset :        new L.Point( 0 , -10 ) ,\n    autoPan :       true ,\n    closeOnClick :  false ,\n} ) ;\nmarkerCluster_19.addLayer( marker_11 ) ;\nmarkers_19.push( marker_11 ) ;\n\n    map_bounds_19 = new L.latLngBounds( locs_19 ) ;\n    map_19.fitBounds( map_bounds_19 , {\n        padding : [ 300 , 100 ] ,\n        maxZoom : 12 ,\n    } ) ;\n\n    \/\/ controls: fullscreen, map scale, navigation bar with history and home button, resize\n    L.control.fullscreen().addTo( map_19 ) ;\n    L.control.scale().addTo( map_19 ) ;\n    L.control.navbar().addTo( map_19 ) ;\n\n} \/\/ ends JS-function nggopengeoMap_19\n\n<\/script>\n\n<!-- Show div box & start map -->\n<div id=\"opengeo_map_19_placeholder\">\n    <div class=\"opengeo_maps_map\">\n        <div id=\"opengeo_maps_map_19\" style=\"width:100% ; height:50vh ;\"><\/div>\n    <\/div>\n<\/div>\n\n<script>\njQuery( window ).on( 'load' , function() {\n    nggopengeoMap_19( \"\" , \"\" ) ;\n} ) ;\n<\/script>\n\n<!-- End NGG opengeo Maps; ID=19.-->\n\n\n\nngg_shortcode_0_placeholder\n","protected":false},"excerpt":{"rendered":"<p>Verl\u00e4ngerung der normalen Runde oder abgek\u00fcrzte Version der geplanten? Auf jeden Fall eine spektakul\u00e4re und abwechslungsreiche Tour vom Meer auf einen rassigen Gipfel (15+1100-1000). Belaufbarkeit \u00fcber weite Strecken B1; im Aufstieg zur Punta Castellaciu und zum Monte Senino B2+ mit Einzelstellen B3. Keine Wasserquelle auf dem Weg, jedoch eine kleine Bar in der Strassenkehre oberhalb [&hellip;]<\/p>\n","protected":false},"author":2,"featured_media":1132,"comment_status":"open","ping_status":"open","sticky":false,"template":"wp-custom-template-einzelbeitrag-volle-breite","format":"standard","meta":{"ngg_post_thumbnail":485,"footnotes":""},"categories":[10],"tags":[11,24],"class_list":["post-1118","post","type-post","status-publish","format-standard","has-post-thumbnail","hentry","category-wildtrails","tag-korsika","tag-porto-ota"],"gutentor_comment":0,"_links":{"self":[{"href":"https:\/\/munterwegs.org\/unterwegs\/index.php?rest_route=\/wp\/v2\/posts\/1118","targetHints":{"allow":["GET"]}}],"collection":[{"href":"https:\/\/munterwegs.org\/unterwegs\/index.php?rest_route=\/wp\/v2\/posts"}],"about":[{"href":"https:\/\/munterwegs.org\/unterwegs\/index.php?rest_route=\/wp\/v2\/types\/post"}],"author":[{"embeddable":true,"href":"https:\/\/munterwegs.org\/unterwegs\/index.php?rest_route=\/wp\/v2\/users\/2"}],"replies":[{"embeddable":true,"href":"https:\/\/munterwegs.org\/unterwegs\/index.php?rest_route=%2Fwp%2Fv2%2Fcomments&post=1118"}],"version-history":[{"count":1,"href":"https:\/\/munterwegs.org\/unterwegs\/index.php?rest_route=\/wp\/v2\/posts\/1118\/revisions"}],"predecessor-version":[{"id":1131,"href":"https:\/\/munterwegs.org\/unterwegs\/index.php?rest_route=\/wp\/v2\/posts\/1118\/revisions\/1131"}],"wp:featuredmedia":[{"embeddable":true,"href":"https:\/\/munterwegs.org\/unterwegs\/index.php?rest_route=\/wp\/v2\/media\/1132"}],"wp:attachment":[{"href":"https:\/\/munterwegs.org\/unterwegs\/index.php?rest_route=%2Fwp%2Fv2%2Fmedia&parent=1118"}],"wp:term":[{"taxonomy":"category","embeddable":true,"href":"https:\/\/munterwegs.org\/unterwegs\/index.php?rest_route=%2Fwp%2Fv2%2Fcategories&post=1118"},{"taxonomy":"post_tag","embeddable":true,"href":"https:\/\/munterwegs.org\/unterwegs\/index.php?rest_route=%2Fwp%2Fv2%2Ftags&post=1118"}],"curies":[{"name":"wp","href":"https:\/\/api.w.org\/{rel}","templated":true}]}}