{"id":1297,"date":"2021-10-21T23:50:00","date_gmt":"2021-10-21T21:50:00","guid":{"rendered":"https:\/\/munterwegs.org\/unterwegs\/?p=1297"},"modified":"2022-03-23T11:38:08","modified_gmt":"2022-03-23T10:38:08","slug":"2021-10-21-gr-20-15v","status":"publish","type":"post","link":"https:\/\/munterwegs.org\/unterwegs\/?p=1297","title":{"rendered":"2021-10-21 GR-20.15v"},"content":{"rendered":"\n<p class=\"has-drop-cap\">Alpine Variante vom Refuge d&#8217;Asinau \u00fcber die Aiguilles de Bavella zum gleichnamigen Pass (7+500-800). Belaufbarkeit zu Anfang gem\u00fctliches B1, danach durchgehend B2 bis B3. Keine Wasserquelle unterwegs.<\/p>\n\n\n\n<p>Der Abstieg vom Refuge d&#8217;Asinau (1520) bzw. dessen \u00dcberresten verl\u00e4uft auf gem\u00fctlichem Pfad zum gleichnamigen Ruisseau hinunter, der auf ca. 1340 m.\u00fc.M. \u00fcberquert wird. Nach Regenf\u00e4llen k\u00f6nnte dort etwas Kreativit\u00e4t gefragt sein. Danach traversiert der Weg \u00fcber nicht enden wollende 2 km fast ohne Gef\u00e4lle.<\/p>\n\n\n\n<p>Dann aber heisst es hoppla Marsch! Der Aufstieg zur Bocca di U Pargulu (1662) ist sehr steil und grobblockig. Oben angekommen, verschlechterte sich das Wetter zusehends. Wolkenfetzen schossen \u00fcber den Grat, und der Wind pfiff mir um den Kopf. Gl\u00fccklicherweise hielt sich der Regen noch zur\u00fcck, und es blieb bei einigen kurzen Tr\u00f6pfelintermezzi. F\u00fcr Photos hatte ich jedoch definitiv keine Zeit mehr.<\/p>\n\n\n\n<p>Der Abstieg ist gl\u00fccklicherweise sehr gut markiert. Denn er windet sich durch Rinnen und Schluchten hoch und runter. H\u00f6hepunkt bildet eine plattige Felswand, \u00fcber welche man sich an Ketten emporhangelt. Bei zunehmender Bew\u00f6lkung und leisem Nieselregen kam mir diese Stelle wie die Waschk\u00fcche der H\u00f6lle vor.<\/p>\n\n\n\n<p>Danach steigt man wieder zur Bocca di U Truvone (1434) hoch, von wo aus der Weg sich zur finalen Abstiegsrinne hin\u00fcberschl\u00e4ngelt. \u00dcber zunehmend felsigen Untergrund erreicht man schliesslich dichten Wald, bevor man auf die Strasse trifft. Mit der Dunkelheit setzte dort schliesslich der Regen ein. Keinen Moment fr\u00fcher h\u00e4tte ich das gewollt!<\/p>\n\n\n\n<p>Mein Plan war gewesen, vor Ort zu schauen, wie ich dort weiterkomme. Sprich: &#8220;Mau lu\u00e8ge!&#8221; Mein erste Idee war Autostopp. Immerhin standen noch Autos auf dem Parkplatz, und nach einiger Zeit kam tats\u00e4chlich jemand darauf zugelaufen. Ich muss einen recht erb\u00e4rmlichen Eindruck gemacht haben, als ich die junge Frau im Regen ansprach und fragte, ob sie vielleicht ins Tal fahre. Nein, sie \u00fcbernachte dort in der Auberge, gab sie zur Antwort.<\/p>\n\n\n\n<p>Die <a rel=\"noreferrer noopener\" href=\"http:\/\/www.auberge-bavella.com\/\" data-type=\"URL\" data-id=\"http:\/\/www.auberge-bavella.com\/\" target=\"_blank\">Auberge de Bavella<\/a> hatte tats\u00e4chlich in jener Woche noch ge\u00f6ffnet und hatte ein Bett f\u00fcr mich frei. Halleluja! Und eine warme Dusche und exzellentes Essen und k\u00fchles Getr\u00e4nk und nette Gesellschaft und alles, was man sich so w\u00fcnscht. Eben noch ein verregneter Landstreicher, nun frisch gewaschen im Speisesaal und an der Bar. Ein unvergesslicher Abend!<\/p>\n\n\n\n<p>Bilder gibt es leider keine, weil mir angesichts des drohenden Regens gar nicht mehr nach photographieren zumute war &#8212; zudem w\u00e4ren es recht d\u00fcstere Bilder geworden. Wirklich schade, denn die Szenerie in den Aiguilles de Bavella ist so spektakul\u00e4r wie es der Name vermuten l\u00e4sst.<\/p>\n\n\n\n<p class=\"has-text-align-right\">Titelbild<em> &#8216;0 Aiguilles de Bavella JPG3.jpg&#8217; von Jean-Pol GRANDMONT<\/em> <em>lizenziert unter der Creative Commons Lizenz <a href=\"https:\/\/creativecommons.org\/licenses\/by\/3.0\">CC BY 3.0<\/a><\/em><\/p>\n","protected":false},"excerpt":{"rendered":"<p>Alpine Variante vom Refuge d&#8217;Asinau \u00fcber die Aiguilles de Bavella zum gleichnamigen Pass (7+500-800). Belaufbarkeit zu Anfang gem\u00fctliches B1, danach durchgehend B2 bis B3. Keine Wasserquelle unterwegs. Der Abstieg vom Refuge d&#8217;Asinau (1520) bzw. dessen \u00dcberresten verl\u00e4uft auf gem\u00fctlichem Pfad zum gleichnamigen Ruisseau hinunter, der auf ca. 1340 m.\u00fc.M. \u00fcberquert wird. Nach Regenf\u00e4llen k\u00f6nnte dort [&hellip;]<\/p>\n","protected":false},"author":2,"featured_media":2057,"comment_status":"open","ping_status":"open","sticky":false,"template":"wp-custom-template-einzelbeitrag-volle-breite","format":"standard","meta":{"ngg_post_thumbnail":0,"footnotes":""},"categories":[10],"tags":[13,11],"class_list":["post-1297","post","type-post","status-publish","format-standard","has-post-thumbnail","hentry","category-wildtrails","tag-gr-20","tag-korsika"],"gutentor_comment":0,"_links":{"self":[{"href":"https:\/\/munterwegs.org\/unterwegs\/index.php?rest_route=\/wp\/v2\/posts\/1297","targetHints":{"allow":["GET"]}}],"collection":[{"href":"https:\/\/munterwegs.org\/unterwegs\/index.php?rest_route=\/wp\/v2\/posts"}],"about":[{"href":"https:\/\/munterwegs.org\/unterwegs\/index.php?rest_route=\/wp\/v2\/types\/post"}],"author":[{"embeddable":true,"href":"https:\/\/munterwegs.org\/unterwegs\/index.php?rest_route=\/wp\/v2\/users\/2"}],"replies":[{"embeddable":true,"href":"https:\/\/munterwegs.org\/unterwegs\/index.php?rest_route=%2Fwp%2Fv2%2Fcomments&post=1297"}],"version-history":[{"count":10,"href":"https:\/\/munterwegs.org\/unterwegs\/index.php?rest_route=\/wp\/v2\/posts\/1297\/revisions"}],"predecessor-version":[{"id":2085,"href":"https:\/\/munterwegs.org\/unterwegs\/index.php?rest_route=\/wp\/v2\/posts\/1297\/revisions\/2085"}],"wp:featuredmedia":[{"embeddable":true,"href":"https:\/\/munterwegs.org\/unterwegs\/index.php?rest_route=\/wp\/v2\/media\/2057"}],"wp:attachment":[{"href":"https:\/\/munterwegs.org\/unterwegs\/index.php?rest_route=%2Fwp%2Fv2%2Fmedia&parent=1297"}],"wp:term":[{"taxonomy":"category","embeddable":true,"href":"https:\/\/munterwegs.org\/unterwegs\/index.php?rest_route=%2Fwp%2Fv2%2Fcategories&post=1297"},{"taxonomy":"post_tag","embeddable":true,"href":"https:\/\/munterwegs.org\/unterwegs\/index.php?rest_route=%2Fwp%2Fv2%2Ftags&post=1297"}],"curies":[{"name":"wp","href":"https:\/\/api.w.org\/{rel}","templated":true}]}}