{"id":2479,"date":"2020-06-04T23:49:00","date_gmt":"2020-06-04T21:49:00","guid":{"rendered":"https:\/\/munterwegs.org\/unterwegs\/?p=2479"},"modified":"2022-06-22T21:12:47","modified_gmt":"2022-06-22T19:12:47","slug":"rucksack-prism-von-hyperlite-mountain-gear","status":"publish","type":"post","link":"https:\/\/munterwegs.org\/unterwegs\/?p=2479","title":{"rendered":"Rucksack Prism von Hyperlite Mountain Gear"},"content":{"rendered":"\n<p>&#8220;Hyperlite&#8221; f\u00fcrwahr; 40 Liter Innenvolumen (<a rel=\"noreferrer noopener\" href=\"https:\/\/munterwegs.org\/unterwegs\/?p=2478\" data-type=\"post\" data-id=\"2478\" target=\"_blank\">erweiterbar<\/a> um gut einen Drittel!) plus Aussenfach plus abnehmbare Deckeltasche bei rund einem Kilo Gewicht! Unter anderem habe ich ihn auf dem <a rel=\"noreferrer noopener\" href=\"https:\/\/munterwegs.org\/unterwegs\/?p=1301\" data-type=\"post\" data-id=\"1301\" target=\"_blank\">GR-20 w\u00e4hrend einer ganzen Woche<\/a> getragen und kann nur Gutes berichten. Ich verwende die Aussentasche gerne f\u00fcr den Trinksack, damit die &#8220;Innereien&#8221; bei einem allf\u00e4lligen Leck nicht nass werden. Zus\u00e4tzlich zur Deckeltasche befestige ich ein Cirque Pack Lid von Black Diamond am Brustgurt, um flexibel kleine Dinge zu verstauen. Weiter bietet Hyperlite Mountain Gear mit dem Porter Stuff Pocket eine Erweiterung an, um auf der R\u00fcckseite noch zus\u00e4tzlichen Stauraum zu schaffen. Der H\u00fcftgurt l\u00e4sst sich einfach durch einen leichteren ersetzen. Geradezu ins Schw\u00e4rmen geriet ich auf dem <a rel=\"noreferrer noopener\" href=\"https:\/\/munterwegs.org\/unterwegs\/?p=2657\" data-type=\"post\" data-id=\"2657\" target=\"_blank\">Selvaggio Blu<\/a>: Der H\u00fcftgurt l\u00e4sst sich zus\u00e4tzlich (!) zum Anseilgurt als bequemer Abseilsitz verwenden.<\/p>\n\n\n\nngg_shortcode_0_placeholder\n","protected":false},"excerpt":{"rendered":"<p>&#8220;Hyperlite&#8221; f\u00fcrwahr; 40 Liter Innenvolumen (erweiterbar um gut einen Drittel!) plus Aussenfach plus abnehmbare Deckeltasche bei rund einem Kilo Gewicht! Unter anderem habe ich ihn auf dem GR-20 w\u00e4hrend einer ganzen Woche getragen und kann nur Gutes berichten. Ich verwende die Aussentasche gerne f\u00fcr den Trinksack, damit die &#8220;Innereien&#8221; bei einem allf\u00e4lligen Leck nicht nass [&hellip;]<\/p>\n","protected":false},"author":2,"featured_media":2489,"comment_status":"open","ping_status":"open","sticky":false,"template":"","format":"standard","meta":{"ngg_post_thumbnail":1316,"footnotes":""},"categories":[25],"tags":[28],"class_list":["post-2479","post","type-post","status-publish","format-standard","has-post-thumbnail","hentry","category-material","tag-zeug"],"gutentor_comment":5,"_links":{"self":[{"href":"https:\/\/munterwegs.org\/unterwegs\/index.php?rest_route=\/wp\/v2\/posts\/2479","targetHints":{"allow":["GET"]}}],"collection":[{"href":"https:\/\/munterwegs.org\/unterwegs\/index.php?rest_route=\/wp\/v2\/posts"}],"about":[{"href":"https:\/\/munterwegs.org\/unterwegs\/index.php?rest_route=\/wp\/v2\/types\/post"}],"author":[{"embeddable":true,"href":"https:\/\/munterwegs.org\/unterwegs\/index.php?rest_route=\/wp\/v2\/users\/2"}],"replies":[{"embeddable":true,"href":"https:\/\/munterwegs.org\/unterwegs\/index.php?rest_route=%2Fwp%2Fv2%2Fcomments&post=2479"}],"version-history":[{"count":12,"href":"https:\/\/munterwegs.org\/unterwegs\/index.php?rest_route=\/wp\/v2\/posts\/2479\/revisions"}],"predecessor-version":[{"id":3427,"href":"https:\/\/munterwegs.org\/unterwegs\/index.php?rest_route=\/wp\/v2\/posts\/2479\/revisions\/3427"}],"wp:featuredmedia":[{"embeddable":true,"href":"https:\/\/munterwegs.org\/unterwegs\/index.php?rest_route=\/wp\/v2\/media\/2489"}],"wp:attachment":[{"href":"https:\/\/munterwegs.org\/unterwegs\/index.php?rest_route=%2Fwp%2Fv2%2Fmedia&parent=2479"}],"wp:term":[{"taxonomy":"category","embeddable":true,"href":"https:\/\/munterwegs.org\/unterwegs\/index.php?rest_route=%2Fwp%2Fv2%2Fcategories&post=2479"},{"taxonomy":"post_tag","embeddable":true,"href":"https:\/\/munterwegs.org\/unterwegs\/index.php?rest_route=%2Fwp%2Fv2%2Ftags&post=2479"}],"curies":[{"name":"wp","href":"https:\/\/api.w.org\/{rel}","templated":true}]}}