{"id":6838,"date":"2024-11-23T22:10:51","date_gmt":"2024-11-23T21:10:51","guid":{"rendered":"https:\/\/munterwegs.org\/unterwegs\/?p=6838"},"modified":"2024-11-24T13:41:45","modified_gmt":"2024-11-24T12:41:45","slug":"2024-11-23-powdertag-am-alpoglerberg","status":"publish","type":"post","link":"https:\/\/munterwegs.org\/unterwegs\/?p=6838","title":{"rendered":"2024-11-23 Powdertag am Alpoglerberg"},"content":{"rendered":"\n<p class=\"has-drop-cap\">Alpogler-Was? Es handelt sich um Top of M\u00f6rlialp, dem kleinen, aber feinen Skigebiet oberhalb Giswil. &#8212; Auf den Tag genau ein Jahr sp\u00e4ter erlebe ich auch heute wieder einen tollen Auftakt in die Wintersaison. Sonst ist alles anders. Anstatt \u00dcberschreitung mit langem Aufstieg, gefolgt von einer noch l\u00e4ngeren Abfahrt, sind es heute sechs kurze Aufstiege auf denselben Gipfel, aber auch hier ist die Abfahrt ein Hochgenuss. Ich hoffe nur, dass es sich damit hat mit den \u00c4hnlichkeiten zum letzten (Nicht-)Winter!<\/p>\n\n\n\n<p>Am fr\u00fchen Morgen ist es auf der M\u00f6rlialp so richtig sch\u00f6n kalt. Endlich wieder Winter! M\u00e4chtige Traktoren mit dicken Reifen fr\u00e4sen Schnee, dass es eine Freude ist. Das Skigebiet ist verwaist, und die wenigen Aufstiegsspuren vom Vortag sind mehrheitlich wieder zugeweht. Etwas verloren steige ich im Schatten des Giswilerstocks hoch. Wie ich schon mehrfach erfahren musste, hat die erste Skitour der Saison das Potential, zur Tortour auszuarten. Die 500 Hm bis zum Gipfel schaffe ich jedoch locker, auch wenn ich neu spuren muss. Umso gr\u00f6sser ist die Freude \u00fcber die Schneeh\u00f6he, von ungef\u00e4hr einem halben Meter.<\/p>\n\n\n\n<p>Ganz zuoberst komme ich endlich in die Sonne. Eigentlich war mein Plan gewesen, weiter Richtung H\u00f6ch Gumme zu gehen, aber ein einziger Blick auf die vom Wind gefegten H\u00e4nge gen\u00fcgt, um nach Alternativen Ausschau zu halten. Wieso nicht den Triebschneepulver in dieser Ostflanke geniessen? Gesagt, getan! Alsbald schwinge ich zum ersten Mal die 150 Hm hinunter und geniesse die ersten Schw\u00fcnge im neuen Winter. Auf der angelegten Aufstiegsspur bin ich nat\u00fcrlich schneller wieder oben als beim ersten Mal, und auch der Sonnenschein erstreckt sich zunehmend weiter hinunter.<\/p>\n\n\n\n<p>Mal f\u00fcr Mal ziehe ich meine Abfahrtslinie weiter rechts hinab, zumal mit der Zeit auch eine Handvoll anderer Skit\u00fcreler nachgekommen ist, deren Spuren auch Platz beanspruchen. Die vierte Abfahrt ziehe ich dann weit nach S\u00fcdosten in den Kessel hinunter, von wo ich zum Sattel im S\u00fcdgrat hochspuren will und \u00fcber diesen wieder auf den Gipfel. Ich bin gerade erst losgegangen, als ein Pistenbully angedonnert kommt und sich \u00fcber meine geplante Aufstiegsroute hochw\u00fchlt. So etwas nenne ich Service! Wenn in Adelboden die Pisten gem\u00e4ss Werbung von Heinzelm\u00e4nnlein f\u00fcr jeden Gast frisch bereitgemacht werden, scheut die M\u00f6rlialp tats\u00e4chlich keinen Einsatz f\u00fcr Tourenfahrer.<\/p>\n\n\n\n<p>Einen st\u00e4rkeren Vorspurer h\u00e4tte ich mir nicht w\u00fcnschen k\u00f6nnen. Die Spur ist meistens recht angenehm in der Steilheit und auch gen\u00fcgend breit. Ausserdem werden gleich meine latenten Fragen zur Ausl\u00f6sewahrscheinlichkeit gekl\u00e4rt. Der Panzertraktor ackert sich gegen den Gipfel hin durch anderthalb Meter tiefe Schneeverwehungen, ohne dass sich auch nur das geringste Anzeichen von Lawinengefahr zeigt. Am\u00fcsanterweise stehe ich schlussendlich als Erster auf dem Gipfel.<\/p>\n\n\n\n<p>Abfahrten Nummer f\u00fcnf und sechs f\u00fchren nochmals in den Kessel hinunter, bevor es zum Test Piece of M\u00f6rlialp geht, der legend\u00e4ren Wand. Sogar Swisstopo verteilt \u00fcber 35\u00b0 Steilheit, ohne rot zu werden. Mit 1500 Hm in den Beinen bin ich kurz nach Mittag wieder auf der M\u00f6rlialp. Das Wetter hat zugezogen, und weiter unten setzt die W\u00e4rme dem Schnee schon zu. Der Anzahl Autos nach zu urteilen fand am M\u00e4nnli der erste Grosskampftag der Saison statt. Umso mehr bin ich gl\u00fccklich \u00fcber den tollen Winterauftakt.<\/p>\n\n\n\n<p>PS: Eigentlich will ich schon lange \u00fcber meine dreiw\u00f6chige Pyren\u00e4enexkursion vom Sommer schreiben, aber f\u00fcr diese grosse Arbeit habe ich einfach noch keine Zeit gefunden. Kommt noch, nicht bald, daf\u00fcr aber sicher.<\/p>\n\n\n\n\n<!-- Start NGG opengeo Maps ID=503.-->\n\n<script type=\"text\/javascript\">\n\nvar map_503, baseLayer_503, firstLayer_503, markers_503, locs_503, map_bounds_503, center_503 ;\nvar markers_503 = [] , locs_503 = [] ;\n\nfunction nggopengeoMap_503( inludedMarkerIds, clickedImageId )\n{\n    \/\/ map (in its div opengeo_maps_map_503; s.b.)\n    map_503 = new L.map( 'opengeo_maps_map_503' , {\n        zoomSnap : 0.25 ,\n    } ) ;\n    map_503.setMaxZoom( 19 ) ;\n\n    \/\/ layers\n    osmLayer_503 = new L.tileLayer( \"https:\/\/{s}.tile.openstreetmap.org\/{z}\/{x}\/{y}.png\" , {\n    maxZoom : 19 ,\n    maxNativeZoom : 19 ,\n    attribution : 'Kartendaten &copy; <a href=\"https:\/\/www.openstreetmap.org\/copyright\">OpenStreetMap<\/a> Mitwirkende' ,\n    } ) ;\n    otmLayer_503 = new L.tileLayer( \"https:\/\/{s}.tile.opentopomap.org\/{z}\/{x}\/{y}.png\" , {\n    opacity : 0.5 ,\n    maxZoom : 19 ,\n    maxNativeZoom : 17 ,\n    attribution : '| Map style: &copy; <a href=\"https:\/\/opentopomap.org\">OpenTopoMap<\/a> (<a href=\"https:\/\/creativecommons.org\/licenses\/by-sa\/3.0\/\">CC-BY-SA<\/a>)'\n    } ) ;\n    \/\/esriLayer_503 = new L.esri.Vector.vectorBasemapLayer( 'ArcGIS:Imagery:Standard' , {\n    \/\/apiKey: \"AAPK8e1416d08a8641608aa48fd80adf451c0LBHa3DxIzzJcrZ2z6UigvOAJ0UspPY2MZW8QYPReMGC59I4lePi52UlQpQ2dMRP\" ,\n    \/\/maxZoom : 19 ,\n    \/\/maxNativeZoom : 18 ,\n    \/\/} ) ;\n    esriLayer_503_old = new L.tileLayer( \"https:\/\/server.arcgisonline.com\/ArcGIS\/rest\/services\/World_Imagery\/MapServer\/tile\/{z}\/{y}\/{x}\", {\n    opacity : 0.5 ,\n    maxZoom : 19 ,\n    maxNativeZoom : 18 ,\n    attribution : '| Tiles &copy; Esri &mdash; Source: Esri, i-cubed, USDA, USGS, AEX, GeoEye, Getmapping, Aerogrid, IGN, IGP, UPR-EGP, and the GIS User Community' ,\n    } ) ;\n\n    map_503.addLayer( osmLayer_503 ) ;\n\n    \/\/ layer control\n    var additionalLayers = {\n    'OpenTopoMap' : otmLayer_503 ,\n        'Satellit' : esriLayer_503_old ,\n    } ;\n    L.control.layers( null , additionalLayers , {\n        collapsed : true ,\n    } ).addTo( map_503 ) ;\n\n    \/\/ opacity control\n    L.control.opacity( additionalLayers , {\n        collapsed : true ,\n    } ).addTo( map_503 ) ;\n\n    \/\/ resizer control\n    L.control.resizer( { direction: 's' } ).addTo( map_503 ) ;\n\n    \/\/ marker cluster\n    var markerCluster_503 = L.markerClusterGroup( {\n        \/\/maxClusterRadius :          80 ,\n        zoomToBoundsOnClick :       false ,\n        \/\/disableClusteringAtZoom :   14 ,\n        \/\/disableClusteringAtZoom :   15 ,\n        disableClusteringAtZoom :   16 ,\n        \/\/disableClusteringAtZoom :   17 ,\n        \/\/disableClusteringAtZoom :   18 ,\n        \/\/disableClusteringAtZoom :   19 ,\n    } ) ;\n\n    map_503.addLayer( markerCluster_503 ) ;\n    var loc_503_0 = [ 46.816439 , 8.0976189722222 ] ;\nlocs_503.push( loc_503_0 ) ;\nvar marker_0 = new L.semiCircleMarker( loc_503_0 , {\n    radius :        20 ,\n    color :         \"#0ff\" ,\n    opacity :       0.5 ,\n    fill :          true ,\n    fillColor :     \"#f0f\" ,\n    fillOpacity :   0.5 ,\n} ).setDirection( 67.095289500514 , 129.16231600411 ) ; ;\nvar mapWidth_503 = map_503.getSize().x ;\nvar popupWidth_503_0 = Math.min( 267 , mapWidth_503 - 40 ) ;\nmarker_0.bindPopup( '<a href=\"https:\/\/munterwegs.org\/unterwegs\/\/wp-content\/gallery\/20241123-moerlialp\/IMG_20241123_091034_DRO.jpg\" target=\"_blank\"><img decoding=\"async\" src=\"https:\/\/munterwegs.org\/unterwegs\/\/wp-content\/gallery\/20241123-moerlialp\/thumbs\/thumbs_IMG_20241123_091034_DRO.jpg\" style=\"max-width=300px\" alt=\"Sarnerseite sehr gut eingeschneit\" \/><\/a><p><p>Sarnerseite sehr gut eingeschneit<\/br>2024-11-23 09:10:34 Altitude: 1885.912<\/br><\/p><\/p>' , {\n    minWidth :      popupWidth_503_0 ,\n    maxWidth :      popupWidth_503_0 ,\n    offset :        new L.Point( 0 , -10 ) ,\n    autoPan :       true ,\n    closeOnClick :  false ,\n} ) ;\nmarkerCluster_503.addLayer( marker_0 ) ;\nmarkers_503.push( marker_0 ) ;var loc_503_1 = [ 46.823563972222 , 8.1113979722222 ] ;\nlocs_503.push( loc_503_1 ) ;\nvar marker_1 = new L.semiCircleMarker( loc_503_1 , {\n    radius :        20 ,\n    color :         \"#0ff\" ,\n    opacity :       0.5 ,\n    fill :          true ,\n    fillColor :     \"#f0f\" ,\n    fillOpacity :   0.5 ,\n} ).setDirection( 71.083309018091 , 87.466472144725 ) ; ;\nvar mapWidth_503 = map_503.getSize().x ;\nvar popupWidth_503_1 = Math.min( 267 , mapWidth_503 - 40 ) ;\nmarker_1.bindPopup( '<a href=\"https:\/\/munterwegs.org\/unterwegs\/\/wp-content\/gallery\/20241123-moerlialp\/IMG_20241123_074808_DRO.jpg\" target=\"_blank\"><img decoding=\"async\" src=\"https:\/\/munterwegs.org\/unterwegs\/\/wp-content\/gallery\/20241123-moerlialp\/thumbs\/thumbs_IMG_20241123_074808_DRO.jpg\" style=\"max-width=300px\" alt=\"Kalter Start auf der M&ouml;rlialp\" \/><\/a><p><p>Kalter Start auf der M&ouml;rlialp<\/br>2024-11-23 07:48:08 Altitude: 1448.353<\/br><\/p><\/p>' , {\n    minWidth :      popupWidth_503_1 ,\n    maxWidth :      popupWidth_503_1 ,\n    offset :        new L.Point( 0 , -10 ) ,\n    autoPan :       true ,\n    closeOnClick :  false ,\n} ) ;\nmarkerCluster_503.addLayer( marker_1 ) ;\nmarkers_503.push( marker_1 ) ;var loc_503_2 = [ 46.816495 , 8.0978609722222 ] ;\nlocs_503.push( loc_503_2 ) ;\nvar marker_2 = new L.semiCircleMarker( loc_503_2 , {\n    radius :        20 ,\n    color :         \"#0ff\" ,\n    opacity :       0.5 ,\n    fill :          true ,\n    fillColor :     \"#f0f\" ,\n    fillOpacity :   0.5 ,\n} ).setDirection( 248.07528950051 , 129.16231600411 ) ; ;\nvar mapWidth_503 = map_503.getSize().x ;\nvar popupWidth_503_2 = Math.min( 267 , mapWidth_503 - 40 ) ;\nmarker_2.bindPopup( '<a href=\"https:\/\/munterwegs.org\/unterwegs\/\/wp-content\/gallery\/20241123-moerlialp\/IMG_20241123_085727_DRO.jpg\" target=\"_blank\"><img decoding=\"async\" src=\"https:\/\/munterwegs.org\/unterwegs\/\/wp-content\/gallery\/20241123-moerlialp\/thumbs\/thumbs_IMG_20241123_085727_DRO.jpg\" style=\"max-width=300px\" alt=\"Unber&uuml;hrt\" \/><\/a><p><p>Unber&uuml;hrt<\/br>2024-11-23 08:57:27 Altitude: 1883.233<\/br><\/p><\/p>' , {\n    minWidth :      popupWidth_503_2 ,\n    maxWidth :      popupWidth_503_2 ,\n    offset :        new L.Point( 0 , -10 ) ,\n    autoPan :       true ,\n    closeOnClick :  false ,\n} ) ;\nmarkerCluster_503.addLayer( marker_2 ) ;\nmarkers_503.push( marker_2 ) ;var loc_503_3 = [ 46.816352972222 , 8.097438 ] ;\nlocs_503.push( loc_503_3 ) ;\nvar marker_3 = new L.semiCircleMarker( loc_503_3 , {\n    radius :        20 ,\n    color :         \"#0ff\" ,\n    opacity :       0.5 ,\n    fill :          true ,\n    fillColor :     \"#f0f\" ,\n    fillOpacity :   0.5 ,\n} ).setDirection( 306.59330901809 , 87.466472144725 ) ; ;\nvar mapWidth_503 = map_503.getSize().x ;\nvar popupWidth_503_3 = Math.min( 267 , mapWidth_503 - 40 ) ;\nmarker_3.bindPopup( '<a href=\"https:\/\/munterwegs.org\/unterwegs\/\/wp-content\/gallery\/20241123-moerlialp\/IMG_20241123_085910_DRO.jpg\" target=\"_blank\"><img decoding=\"async\" src=\"https:\/\/munterwegs.org\/unterwegs\/\/wp-content\/gallery\/20241123-moerlialp\/thumbs\/thumbs_IMG_20241123_085910_DRO.jpg\" style=\"max-width=300px\" alt=\"Westseite abgeblasen\" \/><\/a><p><p>Westseite abgeblasen<\/br>2024-11-23 08:59:10 Altitude: 1892.216<\/br><\/p><\/p>' , {\n    minWidth :      popupWidth_503_3 ,\n    maxWidth :      popupWidth_503_3 ,\n    offset :        new L.Point( 0 , -10 ) ,\n    autoPan :       true ,\n    closeOnClick :  false ,\n} ) ;\nmarkerCluster_503.addLayer( marker_3 ) ;\nmarkers_503.push( marker_3 ) ;var loc_503_4 = [ 46.816653127778 , 8.0979529083333 ] ;\nlocs_503.push( loc_503_4 ) ;\nvar marker_4 = new L.semiCircleMarker( loc_503_4 , {\n    radius :        20 ,\n    color :         \"#0ff\" ,\n    opacity :       0.5 ,\n    fill :          true ,\n    fillColor :     \"#f0f\" ,\n    fillOpacity :   0.5 ,\n} ).setDirection( 132.32528950051 , 129.16231600411 ) ; ;\nvar mapWidth_503 = map_503.getSize().x ;\nvar popupWidth_503_4 = Math.min( 267 , mapWidth_503 - 40 ) ;\nmarker_4.bindPopup( '<a href=\"https:\/\/munterwegs.org\/unterwegs\/\/wp-content\/gallery\/20241123-moerlialp\/IMG_20241123_085558_DRO.jpg\" target=\"_blank\"><img decoding=\"async\" src=\"https:\/\/munterwegs.org\/unterwegs\/\/wp-content\/gallery\/20241123-moerlialp\/thumbs\/thumbs_IMG_20241123_085558_DRO.jpg\" style=\"max-width=300px\" alt=\"Endlich wieder Winter!\" \/><\/a><p><p>Endlich wieder Winter!<\/br>2024-11-23 08:55:58 Altitude: 1875.488<\/br><\/p><\/p>' , {\n    minWidth :      popupWidth_503_4 ,\n    maxWidth :      popupWidth_503_4 ,\n    offset :        new L.Point( 0 , -10 ) ,\n    autoPan :       true ,\n    closeOnClick :  false ,\n} ) ;\nmarkerCluster_503.addLayer( marker_4 ) ;\nmarkers_503.push( marker_4 ) ;var loc_503_5 = [ 46.816645972222 , 8.097317 ] ;\nlocs_503.push( loc_503_5 ) ;\nvar marker_5 = new L.semiCircleMarker( loc_503_5 , {\n    radius :        20 ,\n    color :         \"#0ff\" ,\n    opacity :       0.5 ,\n    fill :          true ,\n    fillColor :     \"#f0f\" ,\n    fillOpacity :   0.5 ,\n} ).setDirection( 27.913309018091 , 87.466472144725 ) ; ;\nvar mapWidth_503 = map_503.getSize().x ;\nvar popupWidth_503_5 = Math.min( 267 , mapWidth_503 - 40 ) ;\nmarker_5.bindPopup( '<a href=\"https:\/\/munterwegs.org\/unterwegs\/\/wp-content\/gallery\/20241123-moerlialp\/IMG_20241123_095210_DRO.jpg\" target=\"_blank\"><img decoding=\"async\" src=\"https:\/\/munterwegs.org\/unterwegs\/\/wp-content\/gallery\/20241123-moerlialp\/thumbs\/thumbs_IMG_20241123_095210_DRO.jpg\" style=\"max-width=300px\" alt=\"W&auml;chte mit neuem Ansatz von heute\" \/><\/a><p><p>W&auml;chte mit neuem Ansatz von heute<\/br>2024-11-23 09:52:10 Altitude: 1889.127<\/br><\/p><\/p>' , {\n    minWidth :      popupWidth_503_5 ,\n    maxWidth :      popupWidth_503_5 ,\n    offset :        new L.Point( 0 , -10 ) ,\n    autoPan :       true ,\n    closeOnClick :  false ,\n} ) ;\nmarkerCluster_503.addLayer( marker_5 ) ;\nmarkers_503.push( marker_5 ) ;var loc_503_6 = [ 46.815941 , 8.1018819722222 ] ;\nlocs_503.push( loc_503_6 ) ;\nvar marker_6 = new L.semiCircleMarker( loc_503_6 , {\n    radius :        20 ,\n    color :         \"#0ff\" ,\n    opacity :       0.5 ,\n    fill :          true ,\n    fillColor :     \"#f0f\" ,\n    fillOpacity :   0.5 ,\n} ).setDirection( 225.97330901809 , 87.466472144725 ) ; ;\nvar mapWidth_503 = map_503.getSize().x ;\nvar popupWidth_503_6 = Math.min( 267 , mapWidth_503 - 40 ) ;\nmarker_6.bindPopup( '<a href=\"https:\/\/munterwegs.org\/unterwegs\/\/wp-content\/gallery\/20241123-moerlialp\/IMG_20241123_110826_DRO.jpg\" target=\"_blank\"><img decoding=\"async\" src=\"https:\/\/munterwegs.org\/unterwegs\/\/wp-content\/gallery\/20241123-moerlialp\/thumbs\/thumbs_IMG_20241123_110826_DRO.jpg\" style=\"max-width=300px\" alt=\"Gut angelegte Spur\" \/><\/a><p><p>Gut angelegte Spur<\/br>2024-11-23 11:08:26 Altitude: 1724.721<\/br><\/p><\/p>' , {\n    minWidth :      popupWidth_503_6 ,\n    maxWidth :      popupWidth_503_6 ,\n    offset :        new L.Point( 0 , -10 ) ,\n    autoPan :       true ,\n    closeOnClick :  false ,\n} ) ;\nmarkerCluster_503.addLayer( marker_6 ) ;\nmarkers_503.push( marker_6 ) ;var loc_503_7 = [ 46.816124 , 8.102104 ] ;\nlocs_503.push( loc_503_7 ) ;\nvar marker_7 = new L.semiCircleMarker( loc_503_7 , {\n    radius :        20 ,\n    color :         \"#0ff\" ,\n    opacity :       0.5 ,\n    fill :          true ,\n    fillColor :     \"#f0f\" ,\n    fillOpacity :   0.5 ,\n} ).setDirection( 41.633309018091 , 87.466472144725 ) ; ;\nvar mapWidth_503 = map_503.getSize().x ;\nvar popupWidth_503_7 = Math.min( 267 , mapWidth_503 - 40 ) ;\nmarker_7.bindPopup( '<a href=\"https:\/\/munterwegs.org\/unterwegs\/\/wp-content\/gallery\/20241123-moerlialp\/IMG_20241123_110705_DRO.jpg\" target=\"_blank\"><img decoding=\"async\" src=\"https:\/\/munterwegs.org\/unterwegs\/\/wp-content\/gallery\/20241123-moerlialp\/thumbs\/thumbs_IMG_20241123_110705_DRO.jpg\" style=\"max-width=300px\" alt=\"Pistenheinzelm&auml;nnlein mit viel PS\" \/><\/a><p><p>Pistenheinzelm&auml;nnlein mit viel PS<\/br>2024-11-23 11:07:05 Altitude: 1726.026<\/br><\/p><\/p>' , {\n    minWidth :      popupWidth_503_7 ,\n    maxWidth :      popupWidth_503_7 ,\n    offset :        new L.Point( 0 , -10 ) ,\n    autoPan :       true ,\n    closeOnClick :  false ,\n} ) ;\nmarkerCluster_503.addLayer( marker_7 ) ;\nmarkers_503.push( marker_7 ) ;var loc_503_8 = [ 46.814188 , 8.100768 ] ;\nlocs_503.push( loc_503_8 ) ;\nvar marker_8 = new L.semiCircleMarker( loc_503_8 , {\n    radius :        20 ,\n    color :         \"#0ff\" ,\n    opacity :       0.5 ,\n    fill :          true ,\n    fillColor :     \"#f0f\" ,\n    fillOpacity :   0.5 ,\n} ).setDirection( 329.89330901809 , 87.466472144725 ) ; ;\nvar mapWidth_503 = map_503.getSize().x ;\nvar popupWidth_503_8 = Math.min( 267 , mapWidth_503 - 40 ) ;\nmarker_8.bindPopup( '<a href=\"https:\/\/munterwegs.org\/unterwegs\/\/wp-content\/gallery\/20241123-moerlialp\/IMG_20241123_111446_DRO.jpg\" target=\"_blank\"><img decoding=\"async\" src=\"https:\/\/munterwegs.org\/unterwegs\/\/wp-content\/gallery\/20241123-moerlialp\/thumbs\/thumbs_IMG_20241123_111446_DRO.jpg\" style=\"max-width=300px\" alt=\"Und weiter in Richtung Gipfel!\" \/><\/a><p><p>Und weiter in Richtung Gipfel!<\/br>2024-11-23 11:14:46 Altitude: 1778.052<\/br><\/p><\/p>' , {\n    minWidth :      popupWidth_503_8 ,\n    maxWidth :      popupWidth_503_8 ,\n    offset :        new L.Point( 0 , -10 ) ,\n    autoPan :       true ,\n    closeOnClick :  false ,\n} ) ;\nmarkerCluster_503.addLayer( marker_8 ) ;\nmarkers_503.push( marker_8 ) ;var loc_503_9 = [ 46.815624158333 , 8.1016700777778 ] ;\nlocs_503.push( loc_503_9 ) ;\nvar marker_9 = new L.semiCircleMarker( loc_503_9 , {\n    radius :        20 ,\n    color :         \"#0ff\" ,\n    opacity :       0.5 ,\n    fill :          true ,\n    fillColor :     \"#f0f\" ,\n    fillOpacity :   0.5 ,\n} ).setDirection( 178.56330901809 , 87.466472144725 ) ; ;\nvar mapWidth_503 = map_503.getSize().x ;\nvar popupWidth_503_9 = Math.min( 267 , mapWidth_503 - 40 ) ;\nmarker_9.bindPopup( '<a href=\"https:\/\/munterwegs.org\/unterwegs\/\/wp-content\/gallery\/20241123-moerlialp\/IMG_20241123_110933_DRO.jpg\" target=\"_blank\"><img decoding=\"async\" src=\"https:\/\/munterwegs.org\/unterwegs\/\/wp-content\/gallery\/20241123-moerlialp\/thumbs\/thumbs_IMG_20241123_110933_DRO.jpg\" style=\"max-width=300px\" alt=\"Leicht akopalyptisch ist es schon\" \/><\/a><p><p>Leicht akopalyptisch ist es schon<\/br>2024-11-23 11:09:33 Altitude: 1732.086<\/br><\/p><\/p>' , {\n    minWidth :      popupWidth_503_9 ,\n    maxWidth :      popupWidth_503_9 ,\n    offset :        new L.Point( 0 , -10 ) ,\n    autoPan :       true ,\n    closeOnClick :  false ,\n} ) ;\nmarkerCluster_503.addLayer( marker_9 ) ;\nmarkers_503.push( marker_9 ) ;var loc_503_10 = [ 46.816328927778 , 8.0974180083333 ] ;\nlocs_503.push( loc_503_10 ) ;\nvar marker_10 = new L.semiCircleMarker( loc_503_10 , {\n    radius :        20 ,\n    color :         \"#0ff\" ,\n    opacity :       0.5 ,\n    fill :          true ,\n    fillColor :     \"#f0f\" ,\n    fillOpacity :   0.5 ,\n} ).setDirection( 146.56330901809 , 87.466472144725 ) ; ;\nvar mapWidth_503 = map_503.getSize().x ;\nvar popupWidth_503_10 = Math.min( 267 , mapWidth_503 - 40 ) ;\nmarker_10.bindPopup( '<a href=\"https:\/\/munterwegs.org\/unterwegs\/\/wp-content\/gallery\/20241123-moerlialp\/IMG_20241123_112935_DRO.jpg\" target=\"_blank\"><img decoding=\"async\" src=\"https:\/\/munterwegs.org\/unterwegs\/\/wp-content\/gallery\/20241123-moerlialp\/thumbs\/thumbs_IMG_20241123_112935_DRO.jpg\" style=\"max-width=300px\" alt=\"Giswilerstock, M&auml;nnli und Stellenen mit Bananenschale\" \/><\/a><p><p>Giswilerstock, M&auml;nnli und Stellenen mit Bananenschale<\/br>2024-11-23 11:29:35 Altitude: 1883.194<\/br><\/p><\/p>' , {\n    minWidth :      popupWidth_503_10 ,\n    maxWidth :      popupWidth_503_10 ,\n    offset :        new L.Point( 0 , -10 ) ,\n    autoPan :       true ,\n    closeOnClick :  false ,\n} ) ;\nmarkerCluster_503.addLayer( marker_10 ) ;\nmarkers_503.push( marker_10 ) ;var loc_503_11 = [ 46.8163 , 8.0975 ] ;\nlocs_503.push( loc_503_11 ) ;\nvar marker_11 = new L.semiCircleMarker( loc_503_11 , {\n    radius :        10 ,\n    color :         \"#0ff\" ,\n    opacity :       0.5 ,\n    fill :          true ,\n    fillColor :     \"#f0f\" ,\n    fillOpacity :   0.5 ,\n} ) ;\nvar mapWidth_503 = map_503.getSize().x ;\nvar popupWidth_503_11 = Math.min( 356 , mapWidth_503 - 40 ) ;\nmarker_11.bindPopup( '<a href=\"https:\/\/munterwegs.org\/unterwegs\/\/wp-content\/gallery\/20241123-moerlialp\/VideoCapture_20241123-151823.jpg\" target=\"_blank\"><img decoding=\"async\" src=\"https:\/\/munterwegs.org\/unterwegs\/\/wp-content\/gallery\/20241123-moerlialp\/thumbs\/thumbs_VideoCapture_20241123-151823.jpg\" style=\"max-width=300px\" alt=\"Giswilerstock mit Pistenbully\" \/><\/a><p><p>Giswilerstock mit Pistenbully<\/br>2024-11-23 11:27:29 <\/p><\/p>' , {\n    minWidth :      popupWidth_503_11 ,\n    maxWidth :      popupWidth_503_11 ,\n    offset :        new L.Point( 0 , -10 ) ,\n    autoPan :       true ,\n    closeOnClick :  false ,\n} ) ;\nmarkerCluster_503.addLayer( marker_11 ) ;\nmarkers_503.push( marker_11 ) ;var loc_503_12 = [ 46.815099722222 , 8.0993997222222 ] ;\nlocs_503.push( loc_503_12 ) ;\nvar marker_12 = new L.semiCircleMarker( loc_503_12 , {\n    radius :        10 ,\n    color :         \"#0ff\" ,\n    opacity :       0.5 ,\n    fill :          true ,\n    fillColor :     \"#f0f\" ,\n    fillOpacity :   0.5 ,\n} ) ;\nvar mapWidth_503 = map_503.getSize().x ;\nvar popupWidth_503_12 = Math.min( 282 , mapWidth_503 - 40 ) ;\nmarker_12.bindPopup( '<a href=\"https:\/\/munterwegs.org\/unterwegs\/\/wp-content\/gallery\/20241123-moerlialp\/1_VideoCapture_20241123-151702.jpg\" target=\"_blank\"><img decoding=\"async\" src=\"https:\/\/munterwegs.org\/unterwegs\/\/wp-content\/gallery\/20241123-moerlialp\/thumbs\/thumbs_1_VideoCapture_20241123-151702.jpg\" style=\"max-width=300px\" alt=\"Ausl&ouml;sewahrscheinlichkeit sehr gering\" \/><\/a><p><p>Ausl&ouml;sewahrscheinlichkeit sehr gering<\/br>2024-11-23 11:21:12 <\/p><\/p>' , {\n    minWidth :      popupWidth_503_12 ,\n    maxWidth :      popupWidth_503_12 ,\n    offset :        new L.Point( 0 , -10 ) ,\n    autoPan :       true ,\n    closeOnClick :  false ,\n} ) ;\nmarkerCluster_503.addLayer( marker_12 ) ;\nmarkers_503.push( marker_12 ) ;\n\n    map_bounds_503 = new L.latLngBounds( locs_503 ) ;\n    map_503.fitBounds( map_bounds_503 , {\n        padding : [ 300 , 100 ] ,\n        maxZoom : 12 ,\n    } ) ;\n\n    \/\/ controls: fullscreen, map scale, navigation bar with history and home button, resize\n    L.control.fullscreen().addTo( map_503 ) ;\n    L.control.scale().addTo( map_503 ) ;\n    L.control.navbar().addTo( map_503 ) ;\n\n} \/\/ ends JS-function nggopengeoMap_503\n\n<\/script>\n\n<!-- Show div box & start map -->\n<div id=\"opengeo_map_503_placeholder\">\n    <div class=\"opengeo_maps_map\">\n        <div id=\"opengeo_maps_map_503\" style=\"width:100% ; height:50vh ;\"><\/div>\n    <\/div>\n<\/div>\n\n<script>\njQuery( window ).on( 'load' , function() {\n    nggopengeoMap_503( \"\" , \"\" ) ;\n} ) ;\n<\/script>\n\n<!-- End NGG opengeo Maps; ID=503.-->\n\n\n\nngg_shortcode_0_placeholder\n","protected":false},"excerpt":{"rendered":"<p>Alpogler-Was? Es handelt sich um Top of M\u00f6rlialp, dem kleinen, aber feinen Skigebiet oberhalb Giswil. &#8212; Auf den Tag genau ein Jahr sp\u00e4ter erlebe ich auch heute wieder einen tollen Auftakt in die Wintersaison. Sonst ist alles anders. Anstatt \u00dcberschreitung mit langem Aufstieg, gefolgt von einer noch l\u00e4ngeren Abfahrt, sind es heute sechs kurze Aufstiege [&hellip;]<\/p>\n","protected":false},"author":2,"featured_media":6858,"comment_status":"open","ping_status":"open","sticky":false,"template":"wp-custom-template-einzelbeitrag-volle-breite","format":"standard","meta":{"ngg_post_thumbnail":4356,"footnotes":""},"categories":[7],"tags":[63],"class_list":["post-6838","post","type-post","status-publish","format-standard","has-post-thumbnail","hentry","category-ski","tag-obwalden"],"gutentor_comment":0,"_links":{"self":[{"href":"https:\/\/munterwegs.org\/unterwegs\/index.php?rest_route=\/wp\/v2\/posts\/6838","targetHints":{"allow":["GET"]}}],"collection":[{"href":"https:\/\/munterwegs.org\/unterwegs\/index.php?rest_route=\/wp\/v2\/posts"}],"about":[{"href":"https:\/\/munterwegs.org\/unterwegs\/index.php?rest_route=\/wp\/v2\/types\/post"}],"author":[{"embeddable":true,"href":"https:\/\/munterwegs.org\/unterwegs\/index.php?rest_route=\/wp\/v2\/users\/2"}],"replies":[{"embeddable":true,"href":"https:\/\/munterwegs.org\/unterwegs\/index.php?rest_route=%2Fwp%2Fv2%2Fcomments&post=6838"}],"version-history":[{"count":6,"href":"https:\/\/munterwegs.org\/unterwegs\/index.php?rest_route=\/wp\/v2\/posts\/6838\/revisions"}],"predecessor-version":[{"id":6863,"href":"https:\/\/munterwegs.org\/unterwegs\/index.php?rest_route=\/wp\/v2\/posts\/6838\/revisions\/6863"}],"wp:featuredmedia":[{"embeddable":true,"href":"https:\/\/munterwegs.org\/unterwegs\/index.php?rest_route=\/wp\/v2\/media\/6858"}],"wp:attachment":[{"href":"https:\/\/munterwegs.org\/unterwegs\/index.php?rest_route=%2Fwp%2Fv2%2Fmedia&parent=6838"}],"wp:term":[{"taxonomy":"category","embeddable":true,"href":"https:\/\/munterwegs.org\/unterwegs\/index.php?rest_route=%2Fwp%2Fv2%2Fcategories&post=6838"},{"taxonomy":"post_tag","embeddable":true,"href":"https:\/\/munterwegs.org\/unterwegs\/index.php?rest_route=%2Fwp%2Fv2%2Ftags&post=6838"}],"curies":[{"name":"wp","href":"https:\/\/api.w.org\/{rel}","templated":true}]}}