{"id":773,"date":"2021-10-17T23:49:00","date_gmt":"2021-10-17T21:49:00","guid":{"rendered":"https:\/\/munterwegs.org\/unterwegs\/?p=773"},"modified":"2022-02-06T11:05:44","modified_gmt":"2022-02-06T10:05:44","slug":"2021-10-17-gr-20-4","status":"publish","type":"post","link":"https:\/\/munterwegs.org\/unterwegs\/?p=773","title":{"rendered":"2021-10-17 GR-20.4"},"content":{"rendered":"\n<p class=\"has-drop-cap\">4. Etappe von Asco Stagnu zum Refuge Tighiettu (9+1200-100) inklusive Abstecher auf den Monte Cinto, mit 2706 m.\u00fc.M. der h\u00f6chste Punkt von Korsika (zus\u00e4tzlich 2+150-150). Belaufbarkeit im Mittelteil und im Aufstieg zum Monte Cinto B3, davor und danach B2. Wasser allenfalls beim Seelein s\u00fcdlich der Bocca Borba auf 2300. Am Morgen lange im Schatten; Schnee bleibt im nordseitigen Anstieg zur Pointe des \u00c9boulis lange liegen.<\/p>\n\n\n\n<p>Man liest viel von der ehemaligen Wegf\u00fchrung durch den Cirque de la Solitude, den ich nicht kenne. Unabh\u00e4ngig davon finde ich den Aufstieg auf den h\u00f6chsten Punkt Korsikas w\u00fcrdig f\u00fcr den Titel der K\u00f6nigsetappe.<\/p>\n\n\n\n<p>Vom unscheinbaren Einstieg an der unteren Ecke des grossen Parkplatzes quert der Weg hinter den Gel\u00e4nder\u00fccken zum Ruisseau de Tighiettu. Zun\u00e4chst im Talboden weiter, bis auf ca. 1500 eine Br\u00fccke \u00fcber den Bach f\u00fchrt. Ab dort f\u00fchrt der Weg in mehreren langen Kehren an den Rand der tief eingeschnittenen Schlucht des Asco.<\/p>\n\n\n\n<p>Ab da wird das Terrain felsig und steil, und es sind mehrere Kletterpassagen zu \u00fcberwinden. Die Szenerie ist sehr eindr\u00fccklich; zu Anfang fragte ich mich mehrmals, ob der Weg wirklich da hoch f\u00fchre. Im oberen Teil wird das Terrain wieder einfacher begehbar, bleibt hingegen steil und wird ger\u00f6llig.<\/p>\n\n\n\n<p>Der Aufstieg zur der Pointe des \u00c9boulis ist technisch nicht weiter anspruchsvoll. Schon am Vorabend war jedoch von der Bocca di Stagnu aus ersichtlich, dass die Nordflanke des Cinto Massivs von den Niederschl\u00e4gen der vergangenen Wochen \u00fcberzuckert war. Der Weg war mit einer d\u00fcnnen, harten Schneeschicht \u00fcberzogen. Mit Trailschuhen war das noch machbar; einen Abstieg h\u00e4tte ich jedoch als eher heikel eingestuft. &#8212; Allgemein kann das Wetter auf dem &#8220;Dachfirst&#8221; von Korsika  wohl recht rauh sein.<\/p>\n\n\n\n<p>Endlich in der Sonne angekommen, f\u00fchrt der Weg auf die erste Erhebung (2650), von wo aus man einen sch\u00f6nen Blick in die Nordwestflanke des Monte Cinto hat. Anschliessend steigt der Weg durch grobblockiges Gel\u00e4nde recht weit in der S\u00fcdflanke ab und traversiert unter die S\u00fcdwestflanke des Hauptgipfels. Gleich wie im Schlussaufstieg ist das Gel\u00e4nde alpin und es darf gekraxelt werden. Auf der breiten S\u00fcdschulter des Monte Cinto finden sich Mauerreste und ein m\u00e4chtiger Steinhaufen, der von weitem sichtbar ist.<\/p>\n\n\n\n<p>Zur\u00fcck auf der Br\u00e8che des \u00c9boulis (ca. 2580) folgt der Weg der Ger\u00f6llflanke hin\u00fcber zur Bocca Crucetta (2452); auch hier ist das Gel\u00e4nde noch recht alpin, jedoch ohne Kraxelei. Von der Bocca geht es weiter durchs Ger\u00f6ll rassig hinunter in Richtung Refuge de Tighiettu (1680).<\/p>\n\n\n\n<p>Das Refuge steht an wundersch\u00f6ner Lage etwas oberhalb des Weiterwegs. Da ich am selben Tag noch weiterwollte, besuchte ich es nicht.<\/p>\n\n\n\n\n<!-- Start NGG opengeo Maps ID=80.-->\n\n<script type=\"text\/javascript\">\n\nvar map_80, baseLayer_80, firstLayer_80, markers_80, locs_80, map_bounds_80, center_80 ;\nvar markers_80 = [] , locs_80 = [] ;\n\nfunction nggopengeoMap_80( inludedMarkerIds, clickedImageId )\n{\n    \/\/ map (in its div opengeo_maps_map_80; s.b.)\n    map_80 = new L.map( 'opengeo_maps_map_80' , {\n        zoomSnap : 0.25 ,\n    } ) ;\n    map_80.setMaxZoom( 19 ) ;\n\n    \/\/ layers\n    osmLayer_80 = new L.tileLayer( \"https:\/\/{s}.tile.openstreetmap.org\/{z}\/{x}\/{y}.png\" , {\n    maxZoom : 19 ,\n    maxNativeZoom : 19 ,\n    attribution : 'Kartendaten &copy; <a href=\"https:\/\/www.openstreetmap.org\/copyright\">OpenStreetMap<\/a> Mitwirkende' ,\n    } ) ;\n    otmLayer_80 = new L.tileLayer( \"https:\/\/{s}.tile.opentopomap.org\/{z}\/{x}\/{y}.png\" , {\n    opacity : 0.5 ,\n    maxZoom : 19 ,\n    maxNativeZoom : 17 ,\n    attribution : '| Map style: &copy; <a href=\"https:\/\/opentopomap.org\">OpenTopoMap<\/a> (<a href=\"https:\/\/creativecommons.org\/licenses\/by-sa\/3.0\/\">CC-BY-SA<\/a>)'\n    } ) ;\n    \/\/esriLayer_80 = new L.esri.Vector.vectorBasemapLayer( 'ArcGIS:Imagery:Standard' , {\n    \/\/apiKey: \"AAPK8e1416d08a8641608aa48fd80adf451c0LBHa3DxIzzJcrZ2z6UigvOAJ0UspPY2MZW8QYPReMGC59I4lePi52UlQpQ2dMRP\" ,\n    \/\/maxZoom : 19 ,\n    \/\/maxNativeZoom : 18 ,\n    \/\/} ) ;\n    esriLayer_80_old = new L.tileLayer( \"https:\/\/server.arcgisonline.com\/ArcGIS\/rest\/services\/World_Imagery\/MapServer\/tile\/{z}\/{y}\/{x}\", {\n    opacity : 0.5 ,\n    maxZoom : 19 ,\n    maxNativeZoom : 18 ,\n    attribution : '| Tiles &copy; Esri &mdash; Source: Esri, i-cubed, USDA, USGS, AEX, GeoEye, Getmapping, Aerogrid, IGN, IGP, UPR-EGP, and the GIS User Community' ,\n    } ) ;\n\n    map_80.addLayer( osmLayer_80 ) ;\n\n    \/\/ layer control\n    var additionalLayers = {\n    'OpenTopoMap' : otmLayer_80 ,\n        'Satellit' : esriLayer_80_old ,\n    } ;\n    L.control.layers( null , additionalLayers , {\n        collapsed : true ,\n    } ).addTo( map_80 ) ;\n\n    \/\/ opacity control\n    L.control.opacity( additionalLayers , {\n        collapsed : true ,\n    } ).addTo( map_80 ) ;\n\n    \/\/ resizer control\n    L.control.resizer( { direction: 's' } ).addTo( map_80 ) ;\n\n    \/\/ marker cluster\n    var markerCluster_80 = L.markerClusterGroup( {\n        \/\/maxClusterRadius :          80 ,\n        zoomToBoundsOnClick :       false ,\n        \/\/disableClusteringAtZoom :   14 ,\n        \/\/disableClusteringAtZoom :   15 ,\n        disableClusteringAtZoom :   16 ,\n        \/\/disableClusteringAtZoom :   17 ,\n        \/\/disableClusteringAtZoom :   18 ,\n        \/\/disableClusteringAtZoom :   19 ,\n    } ) ;\n\n    map_80.addLayer( markerCluster_80 ) ;\n    var loc_80_0 = [ 42.393376199722 , 8.9228991 ] ;\nlocs_80.push( loc_80_0 ) ;\nvar marker_0 = new L.semiCircleMarker( loc_80_0 , {\n    radius :        20 ,\n    color :         \"#0ff\" ,\n    opacity :       0.5 ,\n    fill :          true ,\n    fillColor :     \"#f0f\" ,\n    fillOpacity :   0.5 ,\n} ).setDirection( 0 , 180 ) ; ;\nvar mapWidth_80 = map_80.getSize().x ;\nvar popupWidth_80_0 = Math.min( 942 , mapWidth_80 - 40 ) ;\nmarker_0.bindPopup( '<a href=\"https:\/\/munterwegs.org\/unterwegs\/\/wp-content\/gallery\/20211017-gr20-4\/20211017_073745.jpg\" target=\"_blank\"><img decoding=\"async\" src=\"https:\/\/munterwegs.org\/unterwegs\/\/wp-content\/gallery\/20211017-gr20-4\/thumbs\/thumbs_20211017_073745.jpg\" style=\"max-width=300px\" alt=\"Hinter dem bewaldeten R&uuml;cken liegt Asco Stagnu; im Hintergrund die markante Punta Mescagnu (2085). Links oben die Bocca di Stagnu, wo die 3. Etappe herunterkommt. [ alt=1445]\" \/><\/a><p><p>Hinter dem bewaldeten R&uuml;cken liegt Asco Stagnu; im Hintergrund die markante Punta Mescagnu (2085). Links oben die Bocca di Stagnu, wo die 3. Etappe herunterkommt. [ alt=1445]<\/br>2021-10-17 07:37:57 <\/p><\/p>' , {\n    minWidth :      popupWidth_80_0 ,\n    maxWidth :      popupWidth_80_0 ,\n    offset :        new L.Point( 0 , -10 ) ,\n    autoPan :       true ,\n    closeOnClick :  false ,\n} ) ;\nmarkerCluster_80.addLayer( marker_0 ) ;\nmarkers_80.push( marker_0 ) ;var loc_80_1 = [ 42.3905904 , 8.9233852 ] ;\nlocs_80.push( loc_80_1 ) ;\nvar marker_1 = new L.semiCircleMarker( loc_80_1 , {\n    radius :        20 ,\n    color :         \"#0ff\" ,\n    opacity :       0.5 ,\n    fill :          true ,\n    fillColor :     \"#f0f\" ,\n    fillOpacity :   0.5 ,\n} ).setDirection( 180 , 72.573918223809 ) ; ;\nvar mapWidth_80 = map_80.getSize().x ;\nvar popupWidth_80_1 = Math.min( 164 , mapWidth_80 - 40 ) ;\nmarker_1.bindPopup( '<a href=\"https:\/\/munterwegs.org\/unterwegs\/\/wp-content\/gallery\/20211017-gr20-4\/20211017_074629.jpg\" target=\"_blank\"><img decoding=\"async\" src=\"https:\/\/munterwegs.org\/unterwegs\/\/wp-content\/gallery\/20211017-gr20-4\/thumbs\/thumbs_20211017_074629.jpg\" style=\"max-width=300px\" alt=\"Eine Br&uuml;cke &uuml;berspannt den Ruisseau de Tighiettu. Ab hier wird es steil und felsig. Markant La Tour Pench&eacute;e (2209, das vorgelagerte Horn). [ alt=1510]\" \/><\/a><p><p>Eine Br&uuml;cke &uuml;berspannt den Ruisseau de Tighiettu. Ab hier wird es steil und felsig. Markant La Tour Pench&eacute;e (2209, das vorgelagerte Horn). [ alt=1510]<\/br>2021-10-17 07:46:39 <\/p><\/p>' , {\n    minWidth :      popupWidth_80_1 ,\n    maxWidth :      popupWidth_80_1 ,\n    offset :        new L.Point( 0 , -10 ) ,\n    autoPan :       true ,\n    closeOnClick :  false ,\n} ) ;\nmarkerCluster_80.addLayer( marker_1 ) ;\nmarkers_80.push( marker_1 ) ;var loc_80_2 = [ 42.388744391667 , 8.9255338361111 ] ;\nlocs_80.push( loc_80_2 ) ;\nvar marker_2 = new L.semiCircleMarker( loc_80_2 , {\n    radius :        20 ,\n    color :         \"#0ff\" ,\n    opacity :       0.5 ,\n    fill :          true ,\n    fillColor :     \"#f0f\" ,\n    fillOpacity :   0.5 ,\n} ).setDirection( 337.5 , 79.293725466755 ) ; ;\nvar mapWidth_80 = map_80.getSize().x ;\nvar popupWidth_80_2 = Math.min( 267 , mapWidth_80 - 40 ) ;\nmarker_2.bindPopup( '<a href=\"https:\/\/munterwegs.org\/unterwegs\/\/wp-content\/gallery\/20211017-gr20-4\/20211017_080309.jpg\" target=\"_blank\"><img decoding=\"async\" src=\"https:\/\/munterwegs.org\/unterwegs\/\/wp-content\/gallery\/20211017-gr20-4\/thumbs\/thumbs_20211017_080309.jpg\" style=\"max-width=300px\" alt=\"Punta Stranciacone (2151), in der Sonne A Muvrella (2147) und links davon die Bocca Stagnu. \" \/><\/a><p><p>Punta Stranciacone (2151), in der Sonne A Muvrella (2147) und links davon die Bocca Stagnu. <\/br>2021-10-17 08:03:09 Altitude: 1663<\/br><\/p><\/p>' , {\n    minWidth :      popupWidth_80_2 ,\n    maxWidth :      popupWidth_80_2 ,\n    offset :        new L.Point( 0 , -10 ) ,\n    autoPan :       true ,\n    closeOnClick :  false ,\n} ) ;\nmarkerCluster_80.addLayer( marker_2 ) ;\nmarkers_80.push( marker_2 ) ;var loc_80_3 = [ 42.377254588889 , 8.9410346916667 ] ;\nlocs_80.push( loc_80_3 ) ;\nvar marker_3 = new L.semiCircleMarker( loc_80_3 , {\n    radius :        20 ,\n    color :         \"#0ff\" ,\n    opacity :       0.5 ,\n    fill :          true ,\n    fillColor :     \"#f0f\" ,\n    fillOpacity :   0.5 ,\n} ).setDirection( 45 , 79.293725466755 ) ; ;\nvar mapWidth_80 = map_80.getSize().x ;\nvar popupWidth_80_3 = Math.min( 150 , mapWidth_80 - 40 ) ;\nmarker_3.bindPopup( '<a href=\"https:\/\/munterwegs.org\/unterwegs\/\/wp-content\/gallery\/20211017-gr20-4\/20211017_105109_006.jpg\" target=\"_blank\"><img decoding=\"async\" src=\"https:\/\/munterwegs.org\/unterwegs\/\/wp-content\/gallery\/20211017-gr20-4\/thumbs\/thumbs_20211017_105109_006.jpg\" style=\"max-width=300px\" alt=\"Monte Cinto (2706), die h&ouml;chste Spitze Korsikas. Der Weg umgeht die n&auml;chste Erhebung recht weit unten in der S&uuml;dflanke und steigt dann in der felsigen, steilen S&uuml;dwestflanke zur Schulter des Monte Cinto. \" \/><\/a><p><p>Monte Cinto (2706), die h&ouml;chste Spitze Korsikas. Der Weg umgeht die n&auml;chste Erhebung recht weit unten in der S&uuml;dflanke und steigt dann in der felsigen, steilen S&uuml;dwestflanke zur Schulter des Monte Cinto. <\/br>2021-10-17 10:51:09 Altitude: 2689<\/br><\/p><\/p>' , {\n    minWidth :      popupWidth_80_3 ,\n    maxWidth :      popupWidth_80_3 ,\n    offset :        new L.Point( 0 , -10 ) ,\n    autoPan :       true ,\n    closeOnClick :  false ,\n} ) ;\nmarkerCluster_80.addLayer( marker_3 ) ;\nmarkers_80.push( marker_3 ) ;var loc_80_4 = [ 42.389853399722 , 8.9245613 ] ;\nlocs_80.push( loc_80_4 ) ;\nvar marker_4 = new L.semiCircleMarker( loc_80_4 , {\n    radius :        20 ,\n    color :         \"#0ff\" ,\n    opacity :       0.5 ,\n    fill :          true ,\n    fillColor :     \"#f0f\" ,\n    fillOpacity :   0.5 ,\n} ).setDirection( 292.5 , 180 ) ; ;\nvar mapWidth_80 = map_80.getSize().x ;\nvar popupWidth_80_4 = Math.min( 656 , mapWidth_80 - 40 ) ;\nmarker_4.bindPopup( '<a href=\"https:\/\/munterwegs.org\/unterwegs\/\/wp-content\/gallery\/20211017-gr20-4\/20211017_075416.jpg\" target=\"_blank\"><img decoding=\"async\" src=\"https:\/\/munterwegs.org\/unterwegs\/\/wp-content\/gallery\/20211017-gr20-4\/thumbs\/thumbs_20211017_075416.jpg\" style=\"max-width=300px\" alt=\"Links der Cirque de Trimbolacciu, gekr&ouml;nt vom Doppelgipfel des Capu Larghia (2475) sowie Capu Rossu (2498) und Punta Minuta (2556) mit ersten Sonnenstrahlen. Hinter dem Nordgrat der Punta Minuta (2536) die markante Punta Stranciacone (2151) und rechts die A Muvrella (2147). [ alt=1560]\" \/><\/a><p><p>Links der Cirque de Trimbolacciu, gekr&ouml;nt vom Doppelgipfel des Capu Larghia (2475) sowie Capu Rossu (2498) und Punta Minuta (2556) mit ersten Sonnenstrahlen. Hinter dem Nordgrat der Punta Minuta (2536) die markante Punta Stranciacone (2151) und rechts die A Muvrella (2147). [ alt=1560]<\/br>2021-10-17 07:54:32 <\/p><\/p>' , {\n    minWidth :      popupWidth_80_4 ,\n    maxWidth :      popupWidth_80_4 ,\n    offset :        new L.Point( 0 , -10 ) ,\n    autoPan :       true ,\n    closeOnClick :  false ,\n} ) ;\nmarkerCluster_80.addLayer( marker_4 ) ;\nmarkers_80.push( marker_4 ) ;var loc_80_5 = [ 42.388047899722 , 8.9268482997222 ] ;\nlocs_80.push( loc_80_5 ) ;\nvar marker_5 = new L.semiCircleMarker( loc_80_5 , {\n    radius :        20 ,\n    color :         \"#0ff\" ,\n    opacity :       0.5 ,\n    fill :          true ,\n    fillColor :     \"#f0f\" ,\n    fillOpacity :   0.5 ,\n} ).setDirection( 292.5 , 180 ) ; ;\nvar mapWidth_80 = map_80.getSize().x ;\nvar popupWidth_80_5 = Math.min( 703 , mapWidth_80 - 40 ) ;\nmarker_5.bindPopup( '<a href=\"https:\/\/munterwegs.org\/unterwegs\/\/wp-content\/gallery\/20211017-gr20-4\/20211017_081915.jpg\" target=\"_blank\"><img decoding=\"async\" src=\"https:\/\/munterwegs.org\/unterwegs\/\/wp-content\/gallery\/20211017-gr20-4\/thumbs\/thumbs_20211017_081915.jpg\" style=\"max-width=300px\" alt=\"Von h&ouml;herer Warte erneut links der Cirque de Trimbolacciu, mittig der Nordgrat der Punta Minuta, rechts Punta Stranciacone und ganz rechts A Muvrella. [ alt=1720]\" \/><\/a><p><p>Von h&ouml;herer Warte erneut links der Cirque de Trimbolacciu, mittig der Nordgrat der Punta Minuta, rechts Punta Stranciacone und ganz rechts A Muvrella. [ alt=1720]<\/br>2021-10-17 08:19:34 <\/p><\/p>' , {\n    minWidth :      popupWidth_80_5 ,\n    maxWidth :      popupWidth_80_5 ,\n    offset :        new L.Point( 0 , -10 ) ,\n    autoPan :       true ,\n    closeOnClick :  false ,\n} ) ;\nmarkerCluster_80.addLayer( marker_5 ) ;\nmarkers_80.push( marker_5 ) ;var loc_80_6 = [ 42.3933778 , 8.9228656997222 ] ;\nlocs_80.push( loc_80_6 ) ;\nvar marker_6 = new L.semiCircleMarker( loc_80_6 , {\n    radius :        20 ,\n    color :         \"#0ff\" ,\n    opacity :       0.5 ,\n    fill :          true ,\n    fillColor :     \"#f0f\" ,\n    fillOpacity :   0.5 ,\n} ).setDirection( 180 , 180 ) ; ;\nvar mapWidth_80 = map_80.getSize().x ;\nvar popupWidth_80_6 = Math.min( 671 , mapWidth_80 - 40 ) ;\nmarker_6.bindPopup( '<a href=\"https:\/\/munterwegs.org\/unterwegs\/\/wp-content\/gallery\/20211017-gr20-4\/20211017_073819.jpg\" target=\"_blank\"><img decoding=\"async\" src=\"https:\/\/munterwegs.org\/unterwegs\/\/wp-content\/gallery\/20211017-gr20-4\/thumbs\/thumbs_20211017_073819.jpg\" style=\"max-width=300px\" alt=\"Eindr&uuml;cklich der Cirque de Trimbolacciu (Tighiettukessel). Der Weg f&uuml;hrt &uuml;ber eine Br&uuml;cke und zieht hinter dem (leider abgeschnittenen) Capu Barbo (2280) hoch.  [ alt=1445]\" \/><\/a><p><p>Eindr&uuml;cklich der Cirque de Trimbolacciu (Tighiettukessel). Der Weg f&uuml;hrt &uuml;ber eine Br&uuml;cke und zieht hinter dem (leider abgeschnittenen) Capu Barbo (2280) hoch.  [ alt=1445]<\/br>2021-10-17 07:38:43 <\/p><\/p>' , {\n    minWidth :      popupWidth_80_6 ,\n    maxWidth :      popupWidth_80_6 ,\n    offset :        new L.Point( 0 , -10 ) ,\n    autoPan :       true ,\n    closeOnClick :  false ,\n} ) ;\nmarkerCluster_80.addLayer( marker_6 ) ;\nmarkers_80.push( marker_6 ) ;var loc_80_7 = [ 42.3878636 , 8.9271612997222 ] ;\nlocs_80.push( loc_80_7 ) ;\nvar marker_7 = new L.semiCircleMarker( loc_80_7 , {\n    radius :        20 ,\n    color :         \"#0ff\" ,\n    opacity :       0.5 ,\n    fill :          true ,\n    fillColor :     \"#f0f\" ,\n    fillOpacity :   0.5 ,\n} ).setDirection( 135 , 143.44337031861 ) ; ;\nvar mapWidth_80 = map_80.getSize().x ;\nvar popupWidth_80_7 = Math.min( 482 , mapWidth_80 - 40 ) ;\nmarker_7.bindPopup( '<a href=\"https:\/\/munterwegs.org\/unterwegs\/\/wp-content\/gallery\/20211017-gr20-4\/20211017_082114.jpg\" target=\"_blank\"><img decoding=\"async\" src=\"https:\/\/munterwegs.org\/unterwegs\/\/wp-content\/gallery\/20211017-gr20-4\/thumbs\/thumbs_20211017_082114.jpg\" style=\"max-width=300px\" alt=\"Der Aufstieg f&uuml;hrt links des tief eingeschnittenen Asco &uuml;ber steiles, felsiges Terrain unter den Capu Barbo (2280) links hinten. Im Hintergrund wird die Kette des Monte Cinto sichtbar. [alt=1730 ]\" \/><\/a><p><p>Der Aufstieg f&uuml;hrt links des tief eingeschnittenen Asco &uuml;ber steiles, felsiges Terrain unter den Capu Barbo (2280) links hinten. Im Hintergrund wird die Kette des Monte Cinto sichtbar. [alt=1730 ]<\/br>2021-10-17 08:21:28 <\/p><\/p>' , {\n    minWidth :      popupWidth_80_7 ,\n    maxWidth :      popupWidth_80_7 ,\n    offset :        new L.Point( 0 , -10 ) ,\n    autoPan :       true ,\n    closeOnClick :  false ,\n} ) ;\nmarkerCluster_80.addLayer( marker_7 ) ;\nmarkers_80.push( marker_7 ) ;var loc_80_8 = [ 42.3797288 , 8.9456437997222 ] ;\nlocs_80.push( loc_80_8 ) ;\nvar marker_8 = new L.semiCircleMarker( loc_80_8 , {\n    radius :        20 ,\n    color :         \"#0ff\" ,\n    opacity :       0.5 ,\n    fill :          true ,\n    fillColor :     \"#f0f\" ,\n    fillOpacity :   0.5 ,\n} ).setDirection( 315 , 180 ) ; ;\nvar mapWidth_80 = map_80.getSize().x ;\nvar popupWidth_80_8 = Math.min( 1000 , mapWidth_80 - 40 ) ;\nmarker_8.bindPopup( '<a href=\"https:\/\/munterwegs.org\/unterwegs\/\/wp-content\/gallery\/20211017-gr20-4\/20211017_112210.jpg\" target=\"_blank\"><img decoding=\"async\" src=\"https:\/\/munterwegs.org\/unterwegs\/\/wp-content\/gallery\/20211017-gr20-4\/thumbs\/thumbs_20211017_112210.jpg\" style=\"max-width=300px\" alt=\"Links Punta Minuta (2556); hinter deren N-Grat Punta Stranciacone (2151) bis A Muvrella (2147, unmittelbar vor Calvi). Ganz rechts Monte Padro (2390). [alt=2706 ]\" \/><\/a><p><p>Links Punta Minuta (2556); hinter deren N-Grat Punta Stranciacone (2151) bis A Muvrella (2147, unmittelbar vor Calvi). Ganz rechts Monte Padro (2390). [alt=2706 ]<\/br>2021-10-17 11:22:27 <\/p><\/p>' , {\n    minWidth :      popupWidth_80_8 ,\n    maxWidth :      popupWidth_80_8 ,\n    offset :        new L.Point( 0 , -10 ) ,\n    autoPan :       true ,\n    closeOnClick :  false ,\n} ) ;\nmarkerCluster_80.addLayer( marker_8 ) ;\nmarkers_80.push( marker_8 ) ;var loc_80_9 = [ 42.381864 , 8.9413251 ] ;\nlocs_80.push( loc_80_9 ) ;\nvar marker_9 = new L.semiCircleMarker( loc_80_9 , {\n    radius :        20 ,\n    color :         \"#0ff\" ,\n    opacity :       0.5 ,\n    fill :          true ,\n    fillColor :     \"#f0f\" ,\n    fillOpacity :   0.5 ,\n} ).setDirection( 0 , 180 ) ; ;\nvar mapWidth_80 = map_80.getSize().x ;\nvar popupWidth_80_9 = Math.min( 633 , mapWidth_80 - 40 ) ;\nmarker_9.bindPopup( '<a href=\"https:\/\/munterwegs.org\/unterwegs\/\/wp-content\/gallery\/20211017-gr20-4\/20211017_092620.jpg\" target=\"_blank\"><img decoding=\"async\" src=\"https:\/\/munterwegs.org\/unterwegs\/\/wp-content\/gallery\/20211017-gr20-4\/thumbs\/thumbs_20211017_092620.jpg\" style=\"max-width=300px\" alt=\"Capu Barbo (2280, schon wieder abgeschnitten); rechts unten w&auml;re die Bocca Borba [ alt=2300]\" \/><\/a><p><p>Capu Barbo (2280, schon wieder abgeschnitten); rechts unten w&auml;re die Bocca Borba [ alt=2300]<\/br>2021-10-17 09:26:31 <\/p><\/p>' , {\n    minWidth :      popupWidth_80_9 ,\n    maxWidth :      popupWidth_80_9 ,\n    offset :        new L.Point( 0 , -10 ) ,\n    autoPan :       true ,\n    closeOnClick :  false ,\n} ) ;\nmarkerCluster_80.addLayer( marker_9 ) ;\nmarkers_80.push( marker_9 ) ;var loc_80_10 = [ 42.379447616667 , 8.9452935944444 ] ;\nlocs_80.push( loc_80_10 ) ;\nvar marker_10 = new L.semiCircleMarker( loc_80_10 , {\n    radius :        20 ,\n    color :         \"#0ff\" ,\n    opacity :       0.5 ,\n    fill :          true ,\n    fillColor :     \"#f0f\" ,\n    fillOpacity :   0.5 ,\n} ).setDirection( 225 , 42.784145056536 ) ; ;\nvar mapWidth_80 = map_80.getSize().x ;\nvar popupWidth_80_10 = Math.min( 267 , mapWidth_80 - 40 ) ;\nmarker_10.bindPopup( '<a href=\"https:\/\/munterwegs.org\/unterwegs\/\/wp-content\/gallery\/20211017-gr20-4\/20211017_112644.jpg\" target=\"_blank\"><img decoding=\"async\" src=\"https:\/\/munterwegs.org\/unterwegs\/\/wp-content\/gallery\/20211017-gr20-4\/thumbs\/thumbs_20211017_112644.jpg\" style=\"max-width=300px\" alt=\"Paglia Orba (2525), das Matterhorn Korsikas. [alt=2706 ]\" \/><\/a><p><p>Paglia Orba (2525), das Matterhorn Korsikas. [alt=2706 ]<\/br>2021-10-17 11:26:44 Altitude: 2758<\/br><\/p><\/p>' , {\n    minWidth :      popupWidth_80_10 ,\n    maxWidth :      popupWidth_80_10 ,\n    offset :        new L.Point( 0 , -10 ) ,\n    autoPan :       true ,\n    closeOnClick :  false ,\n} ) ;\nmarkerCluster_80.addLayer( marker_10 ) ;\nmarkers_80.push( marker_10 ) ;var loc_80_11 = [ 42.379447616667 , 8.9452935944444 ] ;\nlocs_80.push( loc_80_11 ) ;\nvar marker_11 = new L.semiCircleMarker( loc_80_11 , {\n    radius :        20 ,\n    color :         \"#0ff\" ,\n    opacity :       0.5 ,\n    fill :          true ,\n    fillColor :     \"#f0f\" ,\n    fillOpacity :   0.5 ,\n} ).setDirection( 225 , 79.293725466755 ) ; ;\nvar mapWidth_80 = map_80.getSize().x ;\nvar popupWidth_80_11 = Math.min( 267 , mapWidth_80 - 40 ) ;\nmarker_11.bindPopup( '<a href=\"https:\/\/munterwegs.org\/unterwegs\/\/wp-content\/gallery\/20211017-gr20-4\/20211017_112630.jpg\" target=\"_blank\"><img decoding=\"async\" src=\"https:\/\/munterwegs.org\/unterwegs\/\/wp-content\/gallery\/20211017-gr20-4\/thumbs\/thumbs_20211017_112630.jpg\" style=\"max-width=300px\" alt=\"In der Bildmitte Paglia Orba (2525), davor die teilweise schneebedeckte Nordflanke der Pointe d`Eboulis, durch welche der Weg hochf&uuml;hrt; rechts Punta Minuta (2556). [ alt=2706]\" \/><\/a><p><p>In der Bildmitte Paglia Orba (2525), davor die teilweise schneebedeckte Nordflanke der Pointe d`Eboulis, durch welche der Weg hochf&uuml;hrt; rechts Punta Minuta (2556). [ alt=2706]<\/br>2021-10-17 11:26:30 Altitude: 2758<\/br><\/p><\/p>' , {\n    minWidth :      popupWidth_80_11 ,\n    maxWidth :      popupWidth_80_11 ,\n    offset :        new L.Point( 0 , -10 ) ,\n    autoPan :       true ,\n    closeOnClick :  false ,\n} ) ;\nmarkerCluster_80.addLayer( marker_11 ) ;\nmarkers_80.push( marker_11 ) ;var loc_80_12 = [ 42.379448299722 , 8.9452864 ] ;\nlocs_80.push( loc_80_12 ) ;\nvar marker_12 = new L.semiCircleMarker( loc_80_12 , {\n    radius :        20 ,\n    color :         \"#0ff\" ,\n    opacity :       0.5 ,\n    fill :          true ,\n    fillColor :     \"#f0f\" ,\n    fillOpacity :   0.5 ,\n} ).setDirection( 225 , 180 ) ; ;\nvar mapWidth_80 = map_80.getSize().x ;\nvar popupWidth_80_12 = Math.min( 1000 , mapWidth_80 - 40 ) ;\nmarker_12.bindPopup( '<a href=\"https:\/\/munterwegs.org\/unterwegs\/\/wp-content\/gallery\/20211017-gr20-4\/20211017_112555.jpg\" target=\"_blank\"><img decoding=\"async\" src=\"https:\/\/munterwegs.org\/unterwegs\/\/wp-content\/gallery\/20211017-gr20-4\/thumbs\/thumbs_20211017_112555.jpg\" style=\"max-width=300px\" alt=\"Markant Paglia Orba (2525) in der Bildmitte, rechts Punta Minuta (2556) und Calvi im Hintergrund. [alt=2706 ]\" \/><\/a><p><p>Markant Paglia Orba (2525) in der Bildmitte, rechts Punta Minuta (2556) und Calvi im Hintergrund. [alt=2706 ]<\/br>2021-10-17 11:26:12 <\/p><\/p>' , {\n    minWidth :      popupWidth_80_12 ,\n    maxWidth :      popupWidth_80_12 ,\n    offset :        new L.Point( 0 , -10 ) ,\n    autoPan :       true ,\n    closeOnClick :  false ,\n} ) ;\nmarkerCluster_80.addLayer( marker_12 ) ;\nmarkers_80.push( marker_12 ) ;var loc_80_13 = [ 42.3796723 , 8.9456649 ] ;\nlocs_80.push( loc_80_13 ) ;\nvar marker_13 = new L.semiCircleMarker( loc_80_13 , {\n    radius :        20 ,\n    color :         \"#0ff\" ,\n    opacity :       0.5 ,\n    fill :          true ,\n    fillColor :     \"#f0f\" ,\n    fillOpacity :   0.5 ,\n} ).setDirection( 157.5 , 180 ) ; ;\nvar mapWidth_80 = map_80.getSize().x ;\nvar popupWidth_80_13 = Math.min( 1000 , mapWidth_80 - 40 ) ;\nmarker_13.bindPopup( '<a href=\"https:\/\/munterwegs.org\/unterwegs\/\/wp-content\/gallery\/20211017-gr20-4\/20211017_112310.jpg\" target=\"_blank\"><img decoding=\"async\" src=\"https:\/\/munterwegs.org\/unterwegs\/\/wp-content\/gallery\/20211017-gr20-4\/thumbs\/thumbs_20211017_112310.jpg\" style=\"max-width=300px\" alt=\"Auf dem S-Sattel befindet sich neben Mauerresten ein grosser Steinhaufen. Im S&uuml;dosten der Stausee Lac de Calacuccia im Fluss Golo. Der Weiterweg f&uuml;hrt in Richtung des Monte Rotondo am Horizont in Bildmitte. Rechts aussen Paglia Orba (2525). [alt=2706 ]\" \/><\/a><p><p>Auf dem S-Sattel befindet sich neben Mauerresten ein grosser Steinhaufen. Im S&uuml;dosten der Stausee Lac de Calacuccia im Fluss Golo. Der Weiterweg f&uuml;hrt in Richtung des Monte Rotondo am Horizont in Bildmitte. Rechts aussen Paglia Orba (2525). [alt=2706 ]<\/br>2021-10-17 11:23:28 <\/p><\/p>' , {\n    minWidth :      popupWidth_80_13 ,\n    maxWidth :      popupWidth_80_13 ,\n    offset :        new L.Point( 0 , -10 ) ,\n    autoPan :       true ,\n    closeOnClick :  false ,\n} ) ;\nmarkerCluster_80.addLayer( marker_13 ) ;\nmarkers_80.push( marker_13 ) ;var loc_80_14 = [ 42.379698099722 , 8.9456278 ] ;\nlocs_80.push( loc_80_14 ) ;\nvar marker_14 = new L.semiCircleMarker( loc_80_14 , {\n    radius :        20 ,\n    color :         \"#0ff\" ,\n    opacity :       0.5 ,\n    fill :          true ,\n    fillColor :     \"#f0f\" ,\n    fillOpacity :   0.5 ,\n} ).setDirection( 315 , 136.23151071381 ) ; ;\nvar mapWidth_80 = map_80.getSize().x ;\nvar popupWidth_80_14 = Math.min( 458 , mapWidth_80 - 40 ) ;\nmarker_14.bindPopup( '<a href=\"https:\/\/munterwegs.org\/unterwegs\/\/wp-content\/gallery\/20211017-gr20-4\/20211017_112816.jpg\" target=\"_blank\"><img decoding=\"async\" src=\"https:\/\/munterwegs.org\/unterwegs\/\/wp-content\/gallery\/20211017-gr20-4\/thumbs\/thumbs_20211017_112816.jpg\" style=\"max-width=300px\" alt=\"In der Bildmitte Capu Barbo (2280), an deren Fuss der Weg durch das Tal das Asco hochsteigt. Markant auch die Tour Pench&eacute;e (der Schiefe Turm, 2209). [alt=2706 ]\" \/><\/a><p><p>In der Bildmitte Capu Barbo (2280), an deren Fuss der Weg durch das Tal das Asco hochsteigt. Markant auch die Tour Pench&eacute;e (der Schiefe Turm, 2209). [alt=2706 ]<\/br>2021-10-17 11:28:33 <\/p><\/p>' , {\n    minWidth :      popupWidth_80_14 ,\n    maxWidth :      popupWidth_80_14 ,\n    offset :        new L.Point( 0 , -10 ) ,\n    autoPan :       true ,\n    closeOnClick :  false ,\n} ) ;\nmarkerCluster_80.addLayer( marker_14 ) ;\nmarkers_80.push( marker_14 ) ;var loc_80_15 = [ 42.3714188 , 8.9296389 ] ;\nlocs_80.push( loc_80_15 ) ;\nvar marker_15 = new L.semiCircleMarker( loc_80_15 , {\n    radius :        20 ,\n    color :         \"#0ff\" ,\n    opacity :       0.5 ,\n    fill :          true ,\n    fillColor :     \"#f0f\" ,\n    fillOpacity :   0.5 ,\n} ).setDirection( 90 , 180 ) ; ;\nvar mapWidth_80 = map_80.getSize().x ;\nvar popupWidth_80_15 = Math.min( 700 , mapWidth_80 - 40 ) ;\nmarker_15.bindPopup( '<a href=\"https:\/\/munterwegs.org\/unterwegs\/\/wp-content\/gallery\/20211017-gr20-4\/20211017_123929.jpg\" target=\"_blank\"><img decoding=\"async\" src=\"https:\/\/munterwegs.org\/unterwegs\/\/wp-content\/gallery\/20211017-gr20-4\/thumbs\/thumbs_20211017_123929.jpg\" style=\"max-width=300px\" alt=\"Der Lac du Cinto im Schatten und dahinter das Tal des Ruisseau de l`Erco. [alt=2452 ]\" \/><\/a><p><p>Der Lac du Cinto im Schatten und dahinter das Tal des Ruisseau de l`Erco. [alt=2452 ]<\/br>2021-10-17 12:39:41 <\/p><\/p>' , {\n    minWidth :      popupWidth_80_15 ,\n    maxWidth :      popupWidth_80_15 ,\n    offset :        new L.Point( 0 , -10 ) ,\n    autoPan :       true ,\n    closeOnClick :  false ,\n} ) ;\nmarkerCluster_80.addLayer( marker_15 ) ;\nmarkers_80.push( marker_15 ) ;var loc_80_16 = [ 42.361506099722 , 8.9102128 ] ;\nlocs_80.push( loc_80_16 ) ;\nvar marker_16 = new L.semiCircleMarker( loc_80_16 , {\n    radius :        20 ,\n    color :         \"#0ff\" ,\n    opacity :       0.5 ,\n    fill :          true ,\n    fillColor :     \"#f0f\" ,\n    fillOpacity :   0.5 ,\n} ).setDirection( 67.5 , 135.41720647894 ) ; ;\nvar mapWidth_80 = map_80.getSize().x ;\nvar popupWidth_80_16 = Math.min( 455 , mapWidth_80 - 40 ) ;\nmarker_16.bindPopup( '<a href=\"https:\/\/munterwegs.org\/unterwegs\/\/wp-content\/gallery\/20211017-gr20-4\/20211017_141325.jpg\" target=\"_blank\"><img decoding=\"async\" src=\"https:\/\/munterwegs.org\/unterwegs\/\/wp-content\/gallery\/20211017-gr20-4\/thumbs\/thumbs_20211017_141325.jpg\" style=\"max-width=300px\" alt=\"Links oben Bocca Crucetta (2452) links von Capu Falu (2540); rechts dominant Capu l`Inzecca (2299). [alt=1640 ]\" \/><\/a><p><p>Links oben Bocca Crucetta (2452) links von Capu Falu (2540); rechts dominant Capu l`Inzecca (2299). [alt=1640 ]<\/br>2021-10-17 14:13:37 <\/p><\/p>' , {\n    minWidth :      popupWidth_80_16 ,\n    maxWidth :      popupWidth_80_16 ,\n    offset :        new L.Point( 0 , -10 ) ,\n    autoPan :       true ,\n    closeOnClick :  false ,\n} ) ;\nmarkerCluster_80.addLayer( marker_16 ) ;\nmarkers_80.push( marker_16 ) ;var loc_80_17 = [ 42.371438799722 , 8.9296191997222 ] ;\nlocs_80.push( loc_80_17 ) ;\nvar marker_17 = new L.semiCircleMarker( loc_80_17 , {\n    radius :        20 ,\n    color :         \"#0ff\" ,\n    opacity :       0.5 ,\n    fill :          true ,\n    fillColor :     \"#f0f\" ,\n    fillOpacity :   0.5 ,\n} ).setDirection( 292.5 , 180 ) ; ;\nvar mapWidth_80 = map_80.getSize().x ;\nvar popupWidth_80_17 = Math.min( 796 , mapWidth_80 - 40 ) ;\nmarker_17.bindPopup( '<a href=\"https:\/\/munterwegs.org\/unterwegs\/\/wp-content\/gallery\/20211017-gr20-4\/20211017_124007.jpg\" target=\"_blank\"><img decoding=\"async\" src=\"https:\/\/munterwegs.org\/unterwegs\/\/wp-content\/gallery\/20211017-gr20-4\/thumbs\/thumbs_20211017_124007.jpg\" style=\"max-width=300px\" alt=\"Paglia Orba (2525), Capu Ross (2498) und Capu Larghia (2475). [ alt=2452]\" \/><\/a><p><p>Paglia Orba (2525), Capu Ross (2498) und Capu Larghia (2475). [ alt=2452]<\/br>2021-10-17 12:40:27 <\/p><\/p>' , {\n    minWidth :      popupWidth_80_17 ,\n    maxWidth :      popupWidth_80_17 ,\n    offset :        new L.Point( 0 , -10 ) ,\n    autoPan :       true ,\n    closeOnClick :  false ,\n} ) ;\nmarkerCluster_80.addLayer( marker_17 ) ;\nmarkers_80.push( marker_17 ) ;\n\n    map_bounds_80 = new L.latLngBounds( locs_80 ) ;\n    map_80.fitBounds( map_bounds_80 , {\n        padding : [ 300 , 100 ] ,\n        maxZoom : 12 ,\n    } ) ;\n\n    \/\/ controls: fullscreen, map scale, navigation bar with history and home button, resize\n    L.control.fullscreen().addTo( map_80 ) ;\n    L.control.scale().addTo( map_80 ) ;\n    L.control.navbar().addTo( map_80 ) ;\n\n} \/\/ ends JS-function nggopengeoMap_80\n\n<\/script>\n\n<!-- Show div box & start map -->\n<div id=\"opengeo_map_80_placeholder\">\n    <div class=\"opengeo_maps_map\">\n        <div id=\"opengeo_maps_map_80\" style=\"width:100% ; height:50vh ;\"><\/div>\n    <\/div>\n<\/div>\n\n<script>\njQuery( window ).on( 'load' , function() {\n    nggopengeoMap_80( \"\" , \"\" ) ;\n} ) ;\n<\/script>\n\n<!-- End NGG opengeo Maps; ID=80.-->\n\n\n\nngg_shortcode_0_placeholder\n","protected":false},"excerpt":{"rendered":"<p>4. Etappe von Asco Stagnu zum Refuge Tighiettu (9+1200-100) inklusive Abstecher auf den Monte Cinto, mit 2706 m.\u00fc.M. der h\u00f6chste Punkt von Korsika (zus\u00e4tzlich 2+150-150). Belaufbarkeit im Mittelteil und im Aufstieg zum Monte Cinto B3, davor und danach B2. Wasser allenfalls beim Seelein s\u00fcdlich der Bocca Borba auf 2300. Am Morgen lange im Schatten; Schnee [&hellip;]<\/p>\n","protected":false},"author":2,"featured_media":812,"comment_status":"open","ping_status":"open","sticky":false,"template":"wp-custom-template-einzelbeitrag-volle-breite","format":"standard","meta":{"ngg_post_thumbnail":255,"footnotes":""},"categories":[10],"tags":[13,11],"class_list":["post-773","post","type-post","status-publish","format-standard","has-post-thumbnail","hentry","category-wildtrails","tag-gr-20","tag-korsika"],"gutentor_comment":0,"_links":{"self":[{"href":"https:\/\/munterwegs.org\/unterwegs\/index.php?rest_route=\/wp\/v2\/posts\/773","targetHints":{"allow":["GET"]}}],"collection":[{"href":"https:\/\/munterwegs.org\/unterwegs\/index.php?rest_route=\/wp\/v2\/posts"}],"about":[{"href":"https:\/\/munterwegs.org\/unterwegs\/index.php?rest_route=\/wp\/v2\/types\/post"}],"author":[{"embeddable":true,"href":"https:\/\/munterwegs.org\/unterwegs\/index.php?rest_route=\/wp\/v2\/users\/2"}],"replies":[{"embeddable":true,"href":"https:\/\/munterwegs.org\/unterwegs\/index.php?rest_route=%2Fwp%2Fv2%2Fcomments&post=773"}],"version-history":[{"count":13,"href":"https:\/\/munterwegs.org\/unterwegs\/index.php?rest_route=\/wp\/v2\/posts\/773\/revisions"}],"predecessor-version":[{"id":869,"href":"https:\/\/munterwegs.org\/unterwegs\/index.php?rest_route=\/wp\/v2\/posts\/773\/revisions\/869"}],"wp:featuredmedia":[{"embeddable":true,"href":"https:\/\/munterwegs.org\/unterwegs\/index.php?rest_route=\/wp\/v2\/media\/812"}],"wp:attachment":[{"href":"https:\/\/munterwegs.org\/unterwegs\/index.php?rest_route=%2Fwp%2Fv2%2Fmedia&parent=773"}],"wp:term":[{"taxonomy":"category","embeddable":true,"href":"https:\/\/munterwegs.org\/unterwegs\/index.php?rest_route=%2Fwp%2Fv2%2Fcategories&post=773"},{"taxonomy":"post_tag","embeddable":true,"href":"https:\/\/munterwegs.org\/unterwegs\/index.php?rest_route=%2Fwp%2Fv2%2Ftags&post=773"}],"curies":[{"name":"wp","href":"https:\/\/api.w.org\/{rel}","templated":true}]}}